{"id":2814,"date":"2013-06-11T10:43:29","date_gmt":"2013-06-11T13:43:29","guid":{"rendered":"http:\/\/www2.unifap.br\/ead\/?p=2814"},"modified":"2013-10-16T11:10:05","modified_gmt":"2013-10-16T14:10:05","slug":"1%c2%aa-lista-de-trabalhos-cientificos-aprovados-para-apresentacao-no-19%c2%ba-ciaed-10jun","status":"publish","type":"post","link":"https:\/\/www2.unifap.br\/ead\/1%c2%aa-lista-de-trabalhos-cientificos-aprovados-para-apresentacao-no-19%c2%ba-ciaed-10jun\/","title":{"rendered":"1\u00aa Lista de Trabalhos Cient\u00edficos aprovados para apresenta\u00e7\u00e3o no 19\u00ba CIAED &#8211; 10jun"},"content":{"rendered":"<p style=\"text-align: justify;\"><img decoding=\"async\" class=\"size-thumbnail wp-image-2815 aligncenter\" title=\"Imagem meramente ilustrativa\" src=\"http:\/\/www2.unifap.br\/ead\/files\/2013\/06\/image_preview-150x150.jpg\" alt=\"\" width=\"150\" height=\"150\" \/><strong>Trabalhos Cient\u00edficos aprovados para apresenta\u00e7\u00e3o no 19\u00ba CIAED &#8211; Congresso Internacional ABED de Educa\u00e7\u00e3o a Dist\u00e2ncia (1\u00aa lista &#8211; 10jun)<\/strong><\/p>\n<p>&#8211; AN\u00c1LISE DOS ESTILOS DE APRENDIZAGEM EM ALUNOS DA P\u00d3S-GRADUA\u00c7\u00c3O A DIST\u00c2NCIA DE UM POLO EAD EM SALVADOR, BAHIA, BRASIL<\/p>\n<p>&#8211; CAPACITA\u00c7\u00c3O DE PROFESSORES PARA METODOLOGIA SESIEDUCA: A EXPERI\u00caNCIA DO SESI SANTA CATARINA<\/p>\n<p>&#8211; CAPACITA\u00c7\u00c3O ONLINE: AVALIA\u00c7\u00c3O DO MATERIAL DID\u00c1TICO<\/p>\n<p>&#8211; INCLUS\u00c3O NA EDUCA\u00c7\u00c3O A DIST\u00c2NCIA: A AUDIODESCRI\u00c7\u00c3O COMO NOVO RECURSO DE ACESSIBILIDADE<\/p>\n<p>&#8211; UM MODELO DE GEST\u00c3O PARTICIPATIVA \u2013 PROCESSOS DE INTERA\u00c7\u00c3O E COMUNICA\u00c7\u00c3O DA EQUIPE MULTIDISCIPLINAR COM FOCO NA MELHORIA DO ENSINO-APRENDIZADO<\/p>\n<p>&#8211; VOICE DESIGN &#8211; O PODER DA PALAVRA FALADA APLICADA<\/p>\n<p><em>(Os trabalhos aprovados &#8220;com corre\u00e7\u00f5es&#8221; ser\u00e3o divulgados em breve, ap\u00f3s altera\u00e7\u00f5es realizadas pelos autores.)<\/em><\/p>\n<p style=\"text-align: justify;\"><em><strong>Fonte: <\/strong><\/em><\/p>\n<p style=\"text-align: justify;\"><a href=\"http:\/\/www.abed.org.br\/site\/pt\/midiateca\/noticias_ead\/1110\/2013\/06\/1_lista_de_trabalhos_cientificos_aprovados_para_apresentacao_no_19_ciaed_-_10jun\" target=\"_blank\">http:\/\/www.abed.org.br\/site\/pt\/midiateca\/noticias_ead\/1110\/2013\/06\/1_lista_de_trabalhos_cientificos_aprovados_para_apresentacao_no_19_ciaed_-_10jun<\/a><\/p>\n","protected":false},"excerpt":{"rendered":"<p>Trabalhos Cient\u00edficos aprovados para apresenta\u00e7\u00e3o no 19\u00ba CIAED &#8211; Congresso Internacional ABED de Educa\u00e7\u00e3o a Dist\u00e2ncia (1\u00aa lista &#8211; 10jun) &#8211; AN\u00c1LISE DOS ESTILOS DE APRENDIZAGEM EM ALUNOS DA P\u00d3S-GRADUA\u00c7\u00c3O&#8230;<\/p>\n","protected":false},"author":153,"featured_media":0,"comment_status":"closed","ping_status":"open","sticky":false,"template":"","format":"standard","meta":{"inline_featured_image":false,"ngg_post_thumbnail":0,"footnotes":""},"categories":[5],"tags":[],"class_list":["post-2814","post","type-post","status-publish","format-standard","hentry","category-noticia","entry"],"_links":{"self":[{"href":"https:\/\/www2.unifap.br\/ead\/wp-json\/wp\/v2\/posts\/2814","targetHints":{"allow":["GET"]}}],"collection":[{"href":"https:\/\/www2.unifap.br\/ead\/wp-json\/wp\/v2\/posts"}],"about":[{"href":"https:\/\/www2.unifap.br\/ead\/wp-json\/wp\/v2\/types\/post"}],"author":[{"embeddable":true,"href":"https:\/\/www2.unifap.br\/ead\/wp-json\/wp\/v2\/users\/153"}],"replies":[{"embeddable":true,"href":"https:\/\/www2.unifap.br\/ead\/wp-json\/wp\/v2\/comments?post=2814"}],"version-history":[{"count":4,"href":"https:\/\/www2.unifap.br\/ead\/wp-json\/wp\/v2\/posts\/2814\/revisions"}],"predecessor-version":[{"id":5821,"href":"https:\/\/www2.unifap.br\/ead\/wp-json\/wp\/v2\/posts\/2814\/revisions\/5821"}],"wp:attachment":[{"href":"https:\/\/www2.unifap.br\/ead\/wp-json\/wp\/v2\/media?parent=2814"}],"wp:term":[{"taxonomy":"category","embeddable":true,"href":"https:\/\/www2.unifap.br\/ead\/wp-json\/wp\/v2\/categories?post=2814"},{"taxonomy":"post_tag","embeddable":true,"href":"https:\/\/www2.unifap.br\/ead\/wp-json\/wp\/v2\/tags?post=2814"}],"curies":[{"name":"wp","href":"https:\/\/api.w.org\/{rel}","templated":true}]}}