{"id":4029,"date":"2013-08-20T10:36:34","date_gmt":"2013-08-20T13:36:34","guid":{"rendered":"http:\/\/www2.unifap.br\/ead\/?p=4029"},"modified":"2013-10-16T10:37:04","modified_gmt":"2013-10-16T13:37:04","slug":"2%c2%aa-fase-entrevista-para-tutores-do-curso-de-administracao-publica","status":"publish","type":"post","link":"https:\/\/www2.unifap.br\/ead\/2%c2%aa-fase-entrevista-para-tutores-do-curso-de-administracao-publica\/","title":{"rendered":"2\u00aa Fase &#8211; Entrevista para Tutores do Curso de Administra\u00e7\u00e3o P\u00fablica"},"content":{"rendered":"<p style=\"text-align: justify;\"><img decoding=\"async\" class=\"size-full wp-image-4031 alignleft\" src=\"http:\/\/www2.unifap.br\/ead\/files\/2013\/08\/entrevista1.png\" alt=\"\" width=\"220\" height=\"150\" \/><\/p>\n<p style=\"text-align: justify;\">&nbsp;<\/p>\n<p style=\"text-align: justify;\">Informamos que os candidatos dever\u00e3o chegar com 15min de anteced\u00eancia ao hor\u00e1rio determinado para sua entrevista.<\/p>\n<p style=\"text-align: justify;\">&nbsp;<\/p>\n<p style=\"text-align: justify;\">Foram ofertadas diversas\u00a0<strong>vagas para tutores<\/strong>, sendo 02 (dois) para tutores na modalidade presencial nos polos de\u00a0<strong>Macap\u00e1 e Santana<\/strong> e 10 (dez) para tutores por disciplina na modalidade \u00e0 dist\u00e2ncia e o dobro destas vagas para suplentes (reserva t\u00e9cnica). As vagas ser\u00e3o preenchidas conforme o enquadramento da titula\u00e7\u00e3o m\u00ednima dos candidatos requerida para cada disciplina respeitada a ordem de classifica\u00e7\u00e3o dos candidatos. As inscri\u00e7\u00f5es foram realizadas a partir de\u00a0<strong>22 de julho a 06 de agosto<\/strong>, nesse per\u00edodo foram inscritos\u00a0<strong>130<\/strong> candidatos, sendo\u00a0<strong>52<\/strong> para \u00e1rea de administra\u00e7\u00e3o,\u00a0<strong>18<\/strong> ci\u00eancias cont\u00e1beis ou economia,\u00a0<strong>42 <\/strong>Gradua\u00e7\u00e3o nas \u00e1reas: de Ci\u00eancias Sociais Aplicadas; Ci\u00eancias Sociais; Ci\u00eancias Humanas ou outras \u00e1reas relacionadas diretamente com a Gest\u00e3o de organiza\u00e7\u00f5es P\u00fablicas ou Privadas,<strong> 9 <\/strong>filosofia ou teologia e\u00a0<strong>9<\/strong> Psicologia.<\/p>\n<p style=\"text-align: center;\"><strong>CRONOGRAMA DE EXECU\u00c7\u00c3O DO PROCESSO SELETIVO<\/strong><\/p>\n<div>\n<table border=\"1\" cellspacing=\"0\" cellpadding=\"0\" width=\"612\">\n<tbody>\n<tr>\n<td width=\"357\"><\/td>\n<td width=\"255\"><\/td>\n<\/tr>\n<tr>\n<td width=\"357\">2\u00aa Etapa do processo seletivo: entrevista<\/td>\n<td width=\"255\">19 a 21 de agosto de 2013<\/td>\n<\/tr>\n<tr>\n<td width=\"357\">Resultado da 2\u00aa etapa<\/td>\n<td width=\"255\">22 de agosto de 2013<\/td>\n<\/tr>\n<tr>\n<td width=\"357\">Dia de recurso administrativo<\/td>\n<td width=\"255\">23 de agosto de 2013<\/td>\n<\/tr>\n<tr>\n<td width=\"357\">Resultado da an\u00e1lise de recursos administrativos<\/td>\n<td width=\"255\">At\u00e9 o dia 26 de agosto de 2013<\/td>\n<\/tr>\n<tr>\n<td width=\"357\">Resultado final<\/td>\n<td width=\"255\">26 de agosto de 2013<\/td>\n<\/tr>\n<\/tbody>\n<\/table>\n<\/div>\n<p><a href=\"http:\/\/www2.unifap.br\/ead\/editais\/em-andamento\/administracao-publica\/\" target=\"_blank\">P\u00e1gina de acompanhamento<\/a><\/p>\n","protected":false},"excerpt":{"rendered":"<p>&nbsp; Informamos que os candidatos dever\u00e3o chegar com 15min de anteced\u00eancia ao hor\u00e1rio determinado para sua entrevista. &nbsp; Foram ofertadas diversas\u00a0vagas para tutores, sendo 02 (dois) para tutores na modalidade&#8230;<\/p>\n","protected":false},"author":153,"featured_media":0,"comment_status":"closed","ping_status":"open","sticky":false,"template":"","format":"standard","meta":{"inline_featured_image":false,"ngg_post_thumbnail":0,"footnotes":""},"categories":[5],"tags":[],"class_list":["post-4029","post","type-post","status-publish","format-standard","hentry","category-noticia","entry"],"_links":{"self":[{"href":"https:\/\/www2.unifap.br\/ead\/wp-json\/wp\/v2\/posts\/4029","targetHints":{"allow":["GET"]}}],"collection":[{"href":"https:\/\/www2.unifap.br\/ead\/wp-json\/wp\/v2\/posts"}],"about":[{"href":"https:\/\/www2.unifap.br\/ead\/wp-json\/wp\/v2\/types\/post"}],"author":[{"embeddable":true,"href":"https:\/\/www2.unifap.br\/ead\/wp-json\/wp\/v2\/users\/153"}],"replies":[{"embeddable":true,"href":"https:\/\/www2.unifap.br\/ead\/wp-json\/wp\/v2\/comments?post=4029"}],"version-history":[{"count":8,"href":"https:\/\/www2.unifap.br\/ead\/wp-json\/wp\/v2\/posts\/4029\/revisions"}],"predecessor-version":[{"id":5782,"href":"https:\/\/www2.unifap.br\/ead\/wp-json\/wp\/v2\/posts\/4029\/revisions\/5782"}],"wp:attachment":[{"href":"https:\/\/www2.unifap.br\/ead\/wp-json\/wp\/v2\/media?parent=4029"}],"wp:term":[{"taxonomy":"category","embeddable":true,"href":"https:\/\/www2.unifap.br\/ead\/wp-json\/wp\/v2\/categories?post=4029"},{"taxonomy":"post_tag","embeddable":true,"href":"https:\/\/www2.unifap.br\/ead\/wp-json\/wp\/v2\/tags?post=4029"}],"curies":[{"name":"wp","href":"https:\/\/api.w.org\/{rel}","templated":true}]}}