{"id":437,"date":"2010-04-28T09:03:21","date_gmt":"2010-04-28T12:03:21","guid":{"rendered":"http:\/\/saojose.unifap.br\/ead\/?p=437"},"modified":"2010-04-28T09:03:21","modified_gmt":"2010-04-28T12:03:21","slug":"unifap-oferta-1%c2%ba-curso-de-capacitacao-de-tutores-em-educacao-a-distancia","status":"publish","type":"post","link":"https:\/\/www2.unifap.br\/ead2\/2010\/04\/28\/unifap-oferta-1%c2%ba-curso-de-capacitacao-de-tutores-em-educacao-a-distancia\/","title":{"rendered":"UNIFAP oferta 1\u00ba Curso de Capacita\u00e7\u00e3o de Tutores em Educa\u00e7\u00e3o a Distancia"},"content":{"rendered":"<p>O Departamento de Educa\u00e7\u00e3o a Dist\u00e2ncia atrav\u00e9s de suas a\u00e7\u00f5es acumula nos \u00faltimos meses hist\u00f3rias de conquistas para nossa Institui\u00e7\u00e3o.<\/p>\n<p><!--more--><\/p>\n<p>Entre elas destacamos a oferta pela primeira vez do curso de \u201cForma\u00e7\u00e3o de Tutores em Educa\u00e7\u00e3o a Dist\u00e2ncia\u201d, utilizando o ambiente virtual de aprendizagem Moodle. O curso foi planejado para ser ministrado 100% on-line, entretanto prever momentos presenciais. A dura\u00e7\u00e3o \u00e9 de aproximadamente 3 meses, dividido em 4 etapas. Os tutores capacitados atuar\u00e3o nos cursos de gradua\u00e7\u00e3o em licenciatura em Educa\u00e7\u00e3o F\u00edsica e Matem\u00e1tica, primeiros cursos de gradua\u00e7\u00e3o na modalidade a dist\u00e2ncia ofertado pela UNIFAP.<\/p>\n<p>O curso visa capacitar os tutores selecionados para atuar no primeiro  semestre dos cursos de gradua\u00e7\u00e3o. Participam 14 tutores-cursistas do  curso de Educa\u00e7\u00e3o F\u00edsica e 30 do curso de Matem\u00e1tica. Os demais tutores  selecionados ser\u00e3o capacitados posteriormente.<\/p>\n<p>Equipe que atua nesta primeira oferta \u00e9 coordenada pela profa. Dra. Elda   Ara\u00fajo e conta com apoio dos coordenadores de tutoria Flavius Cunha   (Educa\u00e7\u00e3o F\u00edsica) e V\u00e2nia Miranda (Matem\u00e1tica), al\u00e9m de outros   colaboradores.<\/p>\n","protected":false},"excerpt":{"rendered":"<p>O Departamento de Educa\u00e7\u00e3o a Dist\u00e2ncia atrav\u00e9s de suas a\u00e7\u00f5es acumula nos \u00faltimos meses hist\u00f3rias de conquistas para nossa Institui\u00e7\u00e3o.<\/p>\n","protected":false},"author":1,"featured_media":0,"comment_status":"closed","ping_status":"closed","sticky":false,"template":"","format":"standard","meta":{"inline_featured_image":false,"site-sidebar-layout":"default","site-content-layout":"","ast-site-content-layout":"default","site-content-style":"default","site-sidebar-style":"default","ast-global-header-display":"","ast-banner-title-visibility":"","ast-main-header-display":"","ast-hfb-above-header-display":"","ast-hfb-below-header-display":"","ast-hfb-mobile-header-display":"","site-post-title":"","ast-breadcrumbs-content":"","ast-featured-img":"","footer-sml-layout":"","theme-transparent-header-meta":"","adv-header-id-meta":"","stick-header-meta":"","header-above-stick-meta":"","header-main-stick-meta":"","header-below-stick-meta":"","astra-migrate-meta-layouts":"default","ast-page-background-enabled":"default","ast-page-background-meta":{"desktop":{"background-color":"var(--ast-global-color-4)","background-image":"","background-repeat":"repeat","background-position":"center center","background-size":"auto","background-attachment":"scroll","background-type":"","background-media":"","overlay-type":"","overlay-color":"","overlay-opacity":"","overlay-gradient":""},"tablet":{"background-color":"","background-image":"","background-repeat":"repeat","background-position":"center center","background-size":"auto","background-attachment":"scroll","background-type":"","background-media":"","overlay-type":"","overlay-color":"","overlay-opacity":"","overlay-gradient":""},"mobile":{"background-color":"","background-image":"","background-repeat":"repeat","background-position":"center center","background-size":"auto","background-attachment":"scroll","background-type":"","background-media":"","overlay-type":"","overlay-color":"","overlay-opacity":"","overlay-gradient":""}},"ast-content-background-meta":{"desktop":{"background-color":"var(--ast-global-color-5)","background-image":"","background-repeat":"repeat","background-position":"center center","background-size":"auto","background-attachment":"scroll","background-type":"","background-media":"","overlay-type":"","overlay-color":"","overlay-opacity":"","overlay-gradient":""},"tablet":{"background-color":"var(--ast-global-color-5)","background-image":"","background-repeat":"repeat","background-position":"center center","background-size":"auto","background-attachment":"scroll","background-type":"","background-media":"","overlay-type":"","overlay-color":"","overlay-opacity":"","overlay-gradient":""},"mobile":{"background-color":"var(--ast-global-color-5)","background-image":"","background-repeat":"repeat","background-position":"center center","background-size":"auto","background-attachment":"scroll","background-type":"","background-media":"","overlay-type":"","overlay-color":"","overlay-opacity":"","overlay-gradient":""}},"ngg_post_thumbnail":0,"footnotes":""},"categories":[5],"tags":[],"class_list":["post-437","post","type-post","status-publish","format-standard","hentry","category-noticias"],"_links":{"self":[{"href":"https:\/\/www2.unifap.br\/ead2\/wp-json\/wp\/v2\/posts\/437","targetHints":{"allow":["GET"]}}],"collection":[{"href":"https:\/\/www2.unifap.br\/ead2\/wp-json\/wp\/v2\/posts"}],"about":[{"href":"https:\/\/www2.unifap.br\/ead2\/wp-json\/wp\/v2\/types\/post"}],"author":[{"embeddable":true,"href":"https:\/\/www2.unifap.br\/ead2\/wp-json\/wp\/v2\/users\/1"}],"replies":[{"embeddable":true,"href":"https:\/\/www2.unifap.br\/ead2\/wp-json\/wp\/v2\/comments?post=437"}],"version-history":[{"count":0,"href":"https:\/\/www2.unifap.br\/ead2\/wp-json\/wp\/v2\/posts\/437\/revisions"}],"wp:attachment":[{"href":"https:\/\/www2.unifap.br\/ead2\/wp-json\/wp\/v2\/media?parent=437"}],"wp:term":[{"taxonomy":"category","embeddable":true,"href":"https:\/\/www2.unifap.br\/ead2\/wp-json\/wp\/v2\/categories?post=437"},{"taxonomy":"post_tag","embeddable":true,"href":"https:\/\/www2.unifap.br\/ead2\/wp-json\/wp\/v2\/tags?post=437"}],"curies":[{"name":"wp","href":"https:\/\/api.w.org\/{rel}","templated":true}]}}