{"id":452,"date":"2010-04-30T16:57:35","date_gmt":"2010-04-30T19:57:35","guid":{"rendered":"http:\/\/saojose.unifap.br\/ead\/?p=452"},"modified":"2010-04-30T16:57:35","modified_gmt":"2010-04-30T19:57:35","slug":"seminario-nacional-da-unirede","status":"publish","type":"post","link":"https:\/\/www2.unifap.br\/ead2\/2010\/04\/30\/seminario-nacional-da-unirede\/","title":{"rendered":"SEMIN\u00c1RIO NACIONAL DA UNIREDE"},"content":{"rendered":"<p>Aconteceu nos dias 22 e 23 de abril, em Salvador (Bahia), o Semin\u00e1rio Nacional da Associa\u00e7\u00e3o Universidade Virtual P\u00fablica do Brasil \u2013 UniRede, organizado pela Universidade Estadual da Bahia.<\/p>\n<p><!--more--><\/p>\n<p>A finalidade do evento foi promover a discuss\u00e3o dos futuros da EaD no Brasil, al\u00e9m de eleger os temas que ser\u00e3o discutidos nos Semin\u00e1rios Regionais, assim definidos: as diretrizes pol\u00edticas de gest\u00e3o, avalia\u00e7\u00e3o, tutoria, material did\u00e1tico, projeto pedag\u00f3gico, regula\u00e7\u00e3o e credenciamento da IPES para oferta da modalidade de ensino em Educa\u00e7\u00e3o a Distancia. Os temas selecionados durante o Semin\u00e1rio Nacional ser\u00e3o discutidos em profundidade nos Semin\u00e1rios Regionais, objetivando conhecer a realidade de cada regi\u00e3o. O resultado dos debates promovidos nos Semin\u00e1rios &#8211; Nacional e Regionais &#8211; ser\u00e1 apresentado no VII Congresso de Ensino Superior a Dist\u00e2ncia \u2013 ESUD, que ser\u00e1 sediado na Universidade Federal de Mato Grosso, Cuiab\u00e1, em novembro de 2010.<\/br><\/p>\n<p>Participaram do evento as Institui\u00e7\u00f5es P\u00fablicas de Ensino Superior filiadas de todas as regi\u00f5es do Brasil atrav\u00e9s de seus representantes. A UNIFAP \u00e9 filiada desde 2002 e tem como representante a profa. Dra. Elda Gomes Ara\u00fajo, a qual tamb\u00e9m representa no Conselho de Gest\u00e3o e Pol\u00edticas da UniRede as IPES da regi\u00e3o Norte.<\/br><\/p>\n<p>O Semin\u00e1rio Nacional contou ainda com a participa\u00e7\u00e3o de ilustres convidados como os Coordenadores da ANDIFES, ABRUEM e CONIF, entre eles destacamos o prof. Dr. Jo\u00e3o Carlos Martins, reitor da Universidade Federal do Ouro Preto, presidente da coordena\u00e7\u00e3o de Educa\u00e7\u00e3o a Dist\u00e2ncia na ANDIFES, o qual palestrou sobre a import\u00e2ncia da EaD para o contexto educacional brasileiro, a trajet\u00f3ria da EaD, as conquistas e proje\u00e7\u00f5es futuras.\u00a0\u00a0\u00a0\u00a0\u00a0\u00a0\u00a0<\/p>\n<p>O Semin\u00e1rio Regional &#8211; Regi\u00e3o Norte &#8211; ser\u00e1 realizado no m\u00eas de setembro de 2010, e a UNIFAP ser\u00e1 pela primeira vez sede de t\u00e3o importante acontecimento educacional.\u00a0 O evento promete reunir as diversas IPES da regi\u00e3o Norte e autoridades da \u00e1rea da educa\u00e7\u00e3o. A concretiza\u00e7\u00e3o dessa conquista de trazer o Semin\u00e1rio Regional para a UNIFAP \u00e9 fruto do esfor\u00e7o conjunto do Departamento de Educa\u00e7\u00e3o a Dist\u00e2ncia da UNIFAP, PROGRAD e do Magn\u00edfico Reitor Prof. Dr. Jos\u00e9 Carlos Tavares.<\/p>\n<p>Confira alguns momentos do evento.<br \/>ngg_shortcode_0_placeholder\n","protected":false},"excerpt":{"rendered":"<p>Aconteceu nos dias 22 e 23 de abril, em Salvador (Bahia), o Semin\u00e1rio Nacional da Associa\u00e7\u00e3o Universidade Virtual P\u00fablica do Brasil \u2013 UniRede, organizado pela Universidade Estadual da Bahia.<\/p>\n","protected":false},"author":1,"featured_media":0,"comment_status":"closed","ping_status":"closed","sticky":false,"template":"","format":"standard","meta":{"inline_featured_image":false,"site-sidebar-layout":"default","site-content-layout":"","ast-site-content-layout":"default","site-content-style":"default","site-sidebar-style":"default","ast-global-header-display":"","ast-banner-title-visibility":"","ast-main-header-display":"","ast-hfb-above-header-display":"","ast-hfb-below-header-display":"","ast-hfb-mobile-header-display":"","site-post-title":"","ast-breadcrumbs-content":"","ast-featured-img":"","footer-sml-layout":"","theme-transparent-header-meta":"","adv-header-id-meta":"","stick-header-meta":"","header-above-stick-meta":"","header-main-stick-meta":"","header-below-stick-meta":"","astra-migrate-meta-layouts":"default","ast-page-background-enabled":"default","ast-page-background-meta":{"desktop":{"background-color":"var(--ast-global-color-4)","background-image":"","background-repeat":"repeat","background-position":"center center","background-size":"auto","background-attachment":"scroll","background-type":"","background-media":"","overlay-type":"","overlay-color":"","overlay-opacity":"","overlay-gradient":""},"tablet":{"background-color":"","background-image":"","background-repeat":"repeat","background-position":"center center","background-size":"auto","background-attachment":"scroll","background-type":"","background-media":"","overlay-type":"","overlay-color":"","overlay-opacity":"","overlay-gradient":""},"mobile":{"background-color":"","background-image":"","background-repeat":"repeat","background-position":"center center","background-size":"auto","background-attachment":"scroll","background-type":"","background-media":"","overlay-type":"","overlay-color":"","overlay-opacity":"","overlay-gradient":""}},"ast-content-background-meta":{"desktop":{"background-color":"var(--ast-global-color-5)","background-image":"","background-repeat":"repeat","background-position":"center center","background-size":"auto","background-attachment":"scroll","background-type":"","background-media":"","overlay-type":"","overlay-color":"","overlay-opacity":"","overlay-gradient":""},"tablet":{"background-color":"var(--ast-global-color-5)","background-image":"","background-repeat":"repeat","background-position":"center center","background-size":"auto","background-attachment":"scroll","background-type":"","background-media":"","overlay-type":"","overlay-color":"","overlay-opacity":"","overlay-gradient":""},"mobile":{"background-color":"var(--ast-global-color-5)","background-image":"","background-repeat":"repeat","background-position":"center center","background-size":"auto","background-attachment":"scroll","background-type":"","background-media":"","overlay-type":"","overlay-color":"","overlay-opacity":"","overlay-gradient":""}},"ngg_post_thumbnail":0,"footnotes":""},"categories":[4,5],"tags":[],"class_list":["post-452","post","type-post","status-publish","format-standard","hentry","category-eventos","category-noticias"],"_links":{"self":[{"href":"https:\/\/www2.unifap.br\/ead2\/wp-json\/wp\/v2\/posts\/452","targetHints":{"allow":["GET"]}}],"collection":[{"href":"https:\/\/www2.unifap.br\/ead2\/wp-json\/wp\/v2\/posts"}],"about":[{"href":"https:\/\/www2.unifap.br\/ead2\/wp-json\/wp\/v2\/types\/post"}],"author":[{"embeddable":true,"href":"https:\/\/www2.unifap.br\/ead2\/wp-json\/wp\/v2\/users\/1"}],"replies":[{"embeddable":true,"href":"https:\/\/www2.unifap.br\/ead2\/wp-json\/wp\/v2\/comments?post=452"}],"version-history":[{"count":0,"href":"https:\/\/www2.unifap.br\/ead2\/wp-json\/wp\/v2\/posts\/452\/revisions"}],"wp:attachment":[{"href":"https:\/\/www2.unifap.br\/ead2\/wp-json\/wp\/v2\/media?parent=452"}],"wp:term":[{"taxonomy":"category","embeddable":true,"href":"https:\/\/www2.unifap.br\/ead2\/wp-json\/wp\/v2\/categories?post=452"},{"taxonomy":"post_tag","embeddable":true,"href":"https:\/\/www2.unifap.br\/ead2\/wp-json\/wp\/v2\/tags?post=452"}],"curies":[{"name":"wp","href":"https:\/\/api.w.org\/{rel}","templated":true}]}}