{"id":510,"date":"2010-05-28T16:02:09","date_gmt":"2010-05-28T19:02:09","guid":{"rendered":"http:\/\/saojose.unifap.br\/ead\/?p=510"},"modified":"2010-05-28T16:02:09","modified_gmt":"2010-05-28T19:02:09","slug":"vii-congresso-brasileiro-de-ensino-superior-a-distancia-esud-2010","status":"publish","type":"post","link":"https:\/\/www2.unifap.br\/ead2\/2010\/05\/28\/vii-congresso-brasileiro-de-ensino-superior-a-distancia-esud-2010\/","title":{"rendered":"VII Congresso Brasileiro de Ensino Superior a Dist\u00e2ncia (ESUD) 2010"},"content":{"rendered":"<p><img fetchpriority=\"high\" decoding=\"async\" class=\"aligncenter\" src=\"http:\/\/www.unirede.br\/logo_esud2010.png\" alt=\"\" width=\"275\" height=\"211\" \/><\/p>\n<p>O ESUD \u00e9 uma realiza\u00e7\u00e3o peri\u00f3dica da Associa\u00e7\u00e3o Universidade em Rede  (UniRede).<\/p>\n<p>A Universidade Federal de Mato Grosso (UFMT) est\u00e1  completando 40 anos e, como parte das comemora\u00e7\u00f5es, teremos a realiza\u00e7\u00e3o  do VII Congresso Brasileiro de Ensino Superior a Dist\u00e2ncia (ESUD), em  Cuiab\u00e1, com a coordena\u00e7\u00e3o da UFMT.<\/p>\n<p>O VII ESUD ter\u00e1 como tema geral <strong>&#8220;A  EaD e sua institucionaliza\u00e7\u00e3o: reflex\u00f5es e processos&#8221;<\/strong>,  considerando a prem\u00eancia do interesse de muitas IES p\u00fablicas, que h\u00e1  pouco tempo atuam na EaD, em discutir o processo de institucionaliza\u00e7\u00e3o,  conhecer e\/ou socializar experi\u00eancias consolidadas ou em andamento.<\/p>\n<p><strong>Maiores Informa\u00e7\u00f5es:<\/strong><a href=\"http:\/\/www.ufmt.br\/esud2010\/\" target=\"_blank\"> http:\/\/www.ufmt.br\/esud2010\/<\/a><\/p>\n","protected":false},"excerpt":{"rendered":"<p>O ESUD \u00e9 uma realiza\u00e7\u00e3o peri\u00f3dica da Associa\u00e7\u00e3o Universidade em Rede (UniRede). A Universidade Federal de Mato Grosso (UFMT) est\u00e1 completando 40 anos e, como parte das comemora\u00e7\u00f5es, teremos a realiza\u00e7\u00e3o do VII Congresso Brasileiro de Ensino Superior a Dist\u00e2ncia (ESUD), em Cuiab\u00e1, com a coordena\u00e7\u00e3o da UFMT. O VII ESUD ter\u00e1 como tema geral&#8230;<\/p>\n","protected":false},"author":1,"featured_media":0,"comment_status":"closed","ping_status":"closed","sticky":false,"template":"","format":"standard","meta":{"inline_featured_image":false,"site-sidebar-layout":"default","site-content-layout":"","ast-site-content-layout":"default","site-content-style":"default","site-sidebar-style":"default","ast-global-header-display":"","ast-banner-title-visibility":"","ast-main-header-display":"","ast-hfb-above-header-display":"","ast-hfb-below-header-display":"","ast-hfb-mobile-header-display":"","site-post-title":"","ast-breadcrumbs-content":"","ast-featured-img":"","footer-sml-layout":"","theme-transparent-header-meta":"","adv-header-id-meta":"","stick-header-meta":"","header-above-stick-meta":"","header-main-stick-meta":"","header-below-stick-meta":"","astra-migrate-meta-layouts":"default","ast-page-background-enabled":"default","ast-page-background-meta":{"desktop":{"background-color":"var(--ast-global-color-4)","background-image":"","background-repeat":"repeat","background-position":"center center","background-size":"auto","background-attachment":"scroll","background-type":"","background-media":"","overlay-type":"","overlay-color":"","overlay-opacity":"","overlay-gradient":""},"tablet":{"background-color":"","background-image":"","background-repeat":"repeat","background-position":"center center","background-size":"auto","background-attachment":"scroll","background-type":"","background-media":"","overlay-type":"","overlay-color":"","overlay-opacity":"","overlay-gradient":""},"mobile":{"background-color":"","background-image":"","background-repeat":"repeat","background-position":"center center","background-size":"auto","background-attachment":"scroll","background-type":"","background-media":"","overlay-type":"","overlay-color":"","overlay-opacity":"","overlay-gradient":""}},"ast-content-background-meta":{"desktop":{"background-color":"var(--ast-global-color-5)","background-image":"","background-repeat":"repeat","background-position":"center center","background-size":"auto","background-attachment":"scroll","background-type":"","background-media":"","overlay-type":"","overlay-color":"","overlay-opacity":"","overlay-gradient":""},"tablet":{"background-color":"var(--ast-global-color-5)","background-image":"","background-repeat":"repeat","background-position":"center center","background-size":"auto","background-attachment":"scroll","background-type":"","background-media":"","overlay-type":"","overlay-color":"","overlay-opacity":"","overlay-gradient":""},"mobile":{"background-color":"var(--ast-global-color-5)","background-image":"","background-repeat":"repeat","background-position":"center center","background-size":"auto","background-attachment":"scroll","background-type":"","background-media":"","overlay-type":"","overlay-color":"","overlay-opacity":"","overlay-gradient":""}},"ngg_post_thumbnail":0,"footnotes":""},"categories":[4,5],"tags":[],"class_list":["post-510","post","type-post","status-publish","format-standard","hentry","category-eventos","category-noticias"],"_links":{"self":[{"href":"https:\/\/www2.unifap.br\/ead2\/wp-json\/wp\/v2\/posts\/510","targetHints":{"allow":["GET"]}}],"collection":[{"href":"https:\/\/www2.unifap.br\/ead2\/wp-json\/wp\/v2\/posts"}],"about":[{"href":"https:\/\/www2.unifap.br\/ead2\/wp-json\/wp\/v2\/types\/post"}],"author":[{"embeddable":true,"href":"https:\/\/www2.unifap.br\/ead2\/wp-json\/wp\/v2\/users\/1"}],"replies":[{"embeddable":true,"href":"https:\/\/www2.unifap.br\/ead2\/wp-json\/wp\/v2\/comments?post=510"}],"version-history":[{"count":0,"href":"https:\/\/www2.unifap.br\/ead2\/wp-json\/wp\/v2\/posts\/510\/revisions"}],"wp:attachment":[{"href":"https:\/\/www2.unifap.br\/ead2\/wp-json\/wp\/v2\/media?parent=510"}],"wp:term":[{"taxonomy":"category","embeddable":true,"href":"https:\/\/www2.unifap.br\/ead2\/wp-json\/wp\/v2\/categories?post=510"},{"taxonomy":"post_tag","embeddable":true,"href":"https:\/\/www2.unifap.br\/ead2\/wp-json\/wp\/v2\/tags?post=510"}],"curies":[{"name":"wp","href":"https:\/\/api.w.org\/{rel}","templated":true}]}}