{"id":526,"date":"2010-06-14T10:43:25","date_gmt":"2010-06-14T13:43:25","guid":{"rendered":"http:\/\/saojose.unifap.br\/ead\/?p=526"},"modified":"2010-06-14T10:43:25","modified_gmt":"2010-06-14T13:43:25","slug":"esta-aberta-a-selecao-de-tutores-para-cursos-de-aperfeicoamento","status":"publish","type":"post","link":"https:\/\/www2.unifap.br\/ead2\/2010\/06\/14\/esta-aberta-a-selecao-de-tutores-para-cursos-de-aperfeicoamento\/","title":{"rendered":"Est\u00e1 aberta a sele\u00e7\u00e3o de tutores para cursos de aperfei\u00e7oamento"},"content":{"rendered":"<p>A presente sele\u00e7\u00e3o de tutores ser\u00e1 regida por este Edital e ser\u00e1 executada pela Universidade Federal do Amap\u00e1. A sele\u00e7\u00e3o destina-se ao provimento de vagas existentes e ainda, das que surgirem no decorrer do prazo de validade desta sele\u00e7\u00e3o, que \u00e9 de seis (06) meses para os cursos: Educa\u00e7\u00e3o para a diversidade; Educa\u00e7\u00e3o integral e integrada; Educa\u00e7\u00e3o em direitos humanos; Educa\u00e7\u00e3o ambiental; Educa\u00e7\u00e3o e Sa\u00fade; de sete (07) meses para Cultura e Hist\u00f3ria dos Povos Ind\u00edgenas e cinco (05) meses para o curso de G\u00eanero e diversidade na escola, prorrog\u00e1vel por igual per\u00edodo, de acordo com a necessidade e interesse da Coordena\u00e7\u00e3o da UAB e dos cursos, a contar da data de publica\u00e7\u00e3o dos resultados. Especificamente para a fun\u00e7\u00e3o de tutor presencial, os candidatos aprovados ser\u00e3o contratados por nove (9) meses para atender nos polos de apoio presencial a todos os cursos abrangidos por este Edital.<\/p>\n<p><a href=\"http:\/\/www.unifap.br\/info.php?operacao=mostrar&amp;cod_noticia=4385\" target=\"_blank\">ACESSO AO EDITAL<\/a><\/p>\n","protected":false},"excerpt":{"rendered":"<p>A presente sele\u00e7\u00e3o de tutores ser\u00e1 regida por este Edital e ser\u00e1 executada pela Universidade Federal do Amap\u00e1. A sele\u00e7\u00e3o destina-se ao provimento de vagas existentes e ainda, das que surgirem no decorrer do prazo de validade desta sele\u00e7\u00e3o, que \u00e9 de seis (06) meses para os cursos: Educa\u00e7\u00e3o para a diversidade; Educa\u00e7\u00e3o integral e&#8230;<\/p>\n","protected":false},"author":1,"featured_media":0,"comment_status":"closed","ping_status":"closed","sticky":false,"template":"","format":"standard","meta":{"inline_featured_image":false,"site-sidebar-layout":"default","site-content-layout":"","ast-site-content-layout":"default","site-content-style":"default","site-sidebar-style":"default","ast-global-header-display":"","ast-banner-title-visibility":"","ast-main-header-display":"","ast-hfb-above-header-display":"","ast-hfb-below-header-display":"","ast-hfb-mobile-header-display":"","site-post-title":"","ast-breadcrumbs-content":"","ast-featured-img":"","footer-sml-layout":"","theme-transparent-header-meta":"","adv-header-id-meta":"","stick-header-meta":"","header-above-stick-meta":"","header-main-stick-meta":"","header-below-stick-meta":"","astra-migrate-meta-layouts":"default","ast-page-background-enabled":"default","ast-page-background-meta":{"desktop":{"background-color":"var(--ast-global-color-4)","background-image":"","background-repeat":"repeat","background-position":"center center","background-size":"auto","background-attachment":"scroll","background-type":"","background-media":"","overlay-type":"","overlay-color":"","overlay-opacity":"","overlay-gradient":""},"tablet":{"background-color":"","background-image":"","background-repeat":"repeat","background-position":"center center","background-size":"auto","background-attachment":"scroll","background-type":"","background-media":"","overlay-type":"","overlay-color":"","overlay-opacity":"","overlay-gradient":""},"mobile":{"background-color":"","background-image":"","background-repeat":"repeat","background-position":"center center","background-size":"auto","background-attachment":"scroll","background-type":"","background-media":"","overlay-type":"","overlay-color":"","overlay-opacity":"","overlay-gradient":""}},"ast-content-background-meta":{"desktop":{"background-color":"var(--ast-global-color-5)","background-image":"","background-repeat":"repeat","background-position":"center center","background-size":"auto","background-attachment":"scroll","background-type":"","background-media":"","overlay-type":"","overlay-color":"","overlay-opacity":"","overlay-gradient":""},"tablet":{"background-color":"var(--ast-global-color-5)","background-image":"","background-repeat":"repeat","background-position":"center center","background-size":"auto","background-attachment":"scroll","background-type":"","background-media":"","overlay-type":"","overlay-color":"","overlay-opacity":"","overlay-gradient":""},"mobile":{"background-color":"var(--ast-global-color-5)","background-image":"","background-repeat":"repeat","background-position":"center center","background-size":"auto","background-attachment":"scroll","background-type":"","background-media":"","overlay-type":"","overlay-color":"","overlay-opacity":"","overlay-gradient":""}},"ngg_post_thumbnail":0,"footnotes":""},"categories":[5],"tags":[],"class_list":["post-526","post","type-post","status-publish","format-standard","hentry","category-noticias"],"_links":{"self":[{"href":"https:\/\/www2.unifap.br\/ead2\/wp-json\/wp\/v2\/posts\/526","targetHints":{"allow":["GET"]}}],"collection":[{"href":"https:\/\/www2.unifap.br\/ead2\/wp-json\/wp\/v2\/posts"}],"about":[{"href":"https:\/\/www2.unifap.br\/ead2\/wp-json\/wp\/v2\/types\/post"}],"author":[{"embeddable":true,"href":"https:\/\/www2.unifap.br\/ead2\/wp-json\/wp\/v2\/users\/1"}],"replies":[{"embeddable":true,"href":"https:\/\/www2.unifap.br\/ead2\/wp-json\/wp\/v2\/comments?post=526"}],"version-history":[{"count":0,"href":"https:\/\/www2.unifap.br\/ead2\/wp-json\/wp\/v2\/posts\/526\/revisions"}],"wp:attachment":[{"href":"https:\/\/www2.unifap.br\/ead2\/wp-json\/wp\/v2\/media?parent=526"}],"wp:term":[{"taxonomy":"category","embeddable":true,"href":"https:\/\/www2.unifap.br\/ead2\/wp-json\/wp\/v2\/categories?post=526"},{"taxonomy":"post_tag","embeddable":true,"href":"https:\/\/www2.unifap.br\/ead2\/wp-json\/wp\/v2\/tags?post=526"}],"curies":[{"name":"wp","href":"https:\/\/api.w.org\/{rel}","templated":true}]}}