{"id":586,"date":"2010-08-30T15:37:42","date_gmt":"2010-08-30T18:37:42","guid":{"rendered":"http:\/\/saojose.unifap.br\/ead\/?p=586"},"modified":"2010-08-30T15:37:42","modified_gmt":"2010-08-30T18:37:42","slug":"aula-inaugural-dos-cursos-de-graduacao-na-modalidade-a-distancia","status":"publish","type":"post","link":"https:\/\/www2.unifap.br\/ead2\/2010\/08\/30\/aula-inaugural-dos-cursos-de-graduacao-na-modalidade-a-distancia\/","title":{"rendered":"AULA INAUGURAL DOS CURSOS DE GRADUA\u00c7\u00c3O NA MODALIDADE A DIST\u00c2NCIA"},"content":{"rendered":"<p>A modalidade de ensino a dist\u00e2ncia na UNIFAP avan\u00e7a em oferta e em qualidade de seus cursos acompanhando uma tend\u00eancia mundial. O ano de 2001 marca o in\u00edcio da trajet\u00f3ria da EAD na Institui\u00e7\u00e3o. A partir de ent\u00e3o,oferta cursos de aperfei\u00e7oamento, extens\u00e3o e de especializa\u00e7\u00e3o.<br \/>\n<!--more--><\/p>\n<p>A partir do segundo semestre de 2010, a UNIFAP inaugura nova etapa em oferta de cursos, dessa feita de gradua\u00e7\u00e3o na modalidade a dist\u00e2ncia por meio dos cursos de Educa\u00e7\u00e3o F\u00edsica e Matem\u00e1tica.<\/p>\n<p>A aula inaugural dos cursos de Educa\u00e7\u00e3o F\u00edsica e de Matem\u00e1tica para os polos de Macap\u00e1 e Santana aconteceu no dia 9 de agosto no Anfiteatro da Institui\u00e7\u00e3o.\u00a0 A aula foi ministrada pela profa. Dra. Elda Gomes Ara\u00fajo, com o tema \u201cEduca\u00e7\u00e3o a Dist\u00e2ncia: a dist\u00e2ncia que aproxima\u201d. O evento reuniu acad\u00eamico, autoridades acad\u00eamicas e da sociedade civil.<\/p>\n<p>De igual forma, no dia 14 de agosto aconteceu a aula inaugural do curso de Matem\u00e1tica no Polo Caulim da Amaz\u00f4nia, localizado no munic\u00edpio de Vit\u00f3ria do Jari. Participaram do evento diversas autoridades locais como a secretaria de Educa\u00e7\u00e3o, profa. Iolanda , Chefe de gabinete da prefeitura, Ant\u00f4nio Ferreira Batista coordenador de polo prof. Cleocivan do Socorro, tutores, alunos, al\u00e9m da equipe do n\u00facleo da Universidade Aberta do Brasil formada pelas professoras Elda Ara\u00fajo, V\u00e2nia Miranda, Wanja Silva e Karen Luz.<br \/>\nConfira alguns momentos dos eventos.<br \/>ngg_shortcode_0_placeholder\n","protected":false},"excerpt":{"rendered":"<p>A modalidade de ensino a dist\u00e2ncia na UNIFAP avan\u00e7a em oferta e em qualidade de seus cursos acompanhando uma tend\u00eancia mundial. O ano de 2001 marca o in\u00edcio da trajet\u00f3ria da EAD na Institui\u00e7\u00e3o. A partir de ent\u00e3o,oferta cursos de aperfei\u00e7oamento, extens\u00e3o e de especializa\u00e7\u00e3o.<\/p>\n","protected":false},"author":1,"featured_media":0,"comment_status":"closed","ping_status":"closed","sticky":false,"template":"","format":"standard","meta":{"inline_featured_image":false,"site-sidebar-layout":"default","site-content-layout":"","ast-site-content-layout":"default","site-content-style":"default","site-sidebar-style":"default","ast-global-header-display":"","ast-banner-title-visibility":"","ast-main-header-display":"","ast-hfb-above-header-display":"","ast-hfb-below-header-display":"","ast-hfb-mobile-header-display":"","site-post-title":"","ast-breadcrumbs-content":"","ast-featured-img":"","footer-sml-layout":"","theme-transparent-header-meta":"","adv-header-id-meta":"","stick-header-meta":"","header-above-stick-meta":"","header-main-stick-meta":"","header-below-stick-meta":"","astra-migrate-meta-layouts":"default","ast-page-background-enabled":"default","ast-page-background-meta":{"desktop":{"background-color":"var(--ast-global-color-4)","background-image":"","background-repeat":"repeat","background-position":"center center","background-size":"auto","background-attachment":"scroll","background-type":"","background-media":"","overlay-type":"","overlay-color":"","overlay-opacity":"","overlay-gradient":""},"tablet":{"background-color":"","background-image":"","background-repeat":"repeat","background-position":"center center","background-size":"auto","background-attachment":"scroll","background-type":"","background-media":"","overlay-type":"","overlay-color":"","overlay-opacity":"","overlay-gradient":""},"mobile":{"background-color":"","background-image":"","background-repeat":"repeat","background-position":"center center","background-size":"auto","background-attachment":"scroll","background-type":"","background-media":"","overlay-type":"","overlay-color":"","overlay-opacity":"","overlay-gradient":""}},"ast-content-background-meta":{"desktop":{"background-color":"var(--ast-global-color-5)","background-image":"","background-repeat":"repeat","background-position":"center center","background-size":"auto","background-attachment":"scroll","background-type":"","background-media":"","overlay-type":"","overlay-color":"","overlay-opacity":"","overlay-gradient":""},"tablet":{"background-color":"var(--ast-global-color-5)","background-image":"","background-repeat":"repeat","background-position":"center center","background-size":"auto","background-attachment":"scroll","background-type":"","background-media":"","overlay-type":"","overlay-color":"","overlay-opacity":"","overlay-gradient":""},"mobile":{"background-color":"var(--ast-global-color-5)","background-image":"","background-repeat":"repeat","background-position":"center center","background-size":"auto","background-attachment":"scroll","background-type":"","background-media":"","overlay-type":"","overlay-color":"","overlay-opacity":"","overlay-gradient":""}},"ngg_post_thumbnail":0,"footnotes":""},"categories":[5],"tags":[],"class_list":["post-586","post","type-post","status-publish","format-standard","hentry","category-noticias"],"_links":{"self":[{"href":"https:\/\/www2.unifap.br\/ead2\/wp-json\/wp\/v2\/posts\/586","targetHints":{"allow":["GET"]}}],"collection":[{"href":"https:\/\/www2.unifap.br\/ead2\/wp-json\/wp\/v2\/posts"}],"about":[{"href":"https:\/\/www2.unifap.br\/ead2\/wp-json\/wp\/v2\/types\/post"}],"author":[{"embeddable":true,"href":"https:\/\/www2.unifap.br\/ead2\/wp-json\/wp\/v2\/users\/1"}],"replies":[{"embeddable":true,"href":"https:\/\/www2.unifap.br\/ead2\/wp-json\/wp\/v2\/comments?post=586"}],"version-history":[{"count":0,"href":"https:\/\/www2.unifap.br\/ead2\/wp-json\/wp\/v2\/posts\/586\/revisions"}],"wp:attachment":[{"href":"https:\/\/www2.unifap.br\/ead2\/wp-json\/wp\/v2\/media?parent=586"}],"wp:term":[{"taxonomy":"category","embeddable":true,"href":"https:\/\/www2.unifap.br\/ead2\/wp-json\/wp\/v2\/categories?post=586"},{"taxonomy":"post_tag","embeddable":true,"href":"https:\/\/www2.unifap.br\/ead2\/wp-json\/wp\/v2\/tags?post=586"}],"curies":[{"name":"wp","href":"https:\/\/api.w.org\/{rel}","templated":true}]}}