{"id":615,"date":"2010-09-14T17:17:01","date_gmt":"2010-09-14T20:17:01","guid":{"rendered":"http:\/\/saojose.unifap.br\/ead\/?p=615"},"modified":"2010-09-14T17:17:01","modified_gmt":"2010-09-14T20:17:01","slug":"professora-da-unifap-e-eleita-presidente-do-forum-regional-norte-uabcapes","status":"publish","type":"post","link":"https:\/\/www2.unifap.br\/ead2\/2010\/09\/14\/professora-da-unifap-e-eleita-presidente-do-forum-regional-norte-uabcapes\/","title":{"rendered":"Professora da UNIFAP \u00e9 eleita Presidente do F\u00f3rum Regional Norte UAB\/CAPES"},"content":{"rendered":"<p>O III Semin\u00e1rio de Coordenadores UAB da regi\u00e3o Norte aconteceu nos dias 9 e 10 de setembro, no audit\u00f3rio da CAPES, Bras\u00edlia, DF. O evento reuniu todos os coordenadores UAB, coordenadores adjuntos, coordenadores de polos, Diretoria da CAPES e Diretoria do Sistema Universidade Aberta do Brasil.<\/p>\n<p><!--more--><\/p>\n<p>A abertura do Semin\u00e1rio foi feita pelo presidente da CAPES, Prof. Dr.  Jorge Almeida Guimar\u00e3es e coordenado pelo prof. Dr. Celso Costa,  diretor da UAB. Os pontos debatidos durante o evento priorizam a  melhoria dos cursos\/programas na modalidade a dist\u00e2ncia ofertados pelo  Sistema UAB.<\/p>\n<p>Outro ponto de significativa relev\u00e2ncia foi \u00e0  elei\u00e7\u00e3o da primeira presid\u00eancia para o F\u00f3rum da Regi\u00e3o Norte de  Coordenadores do Sistema UAB\/CAPES, o qual integra o F\u00f3rum Nacional. A  profa. Dra. Elda Gomes Ara\u00fajo foi indicada pela UFPA para concorrer ao  pleito e a mesma foi eleita por unanimidade. A vice-presidente \u00e9 a  prof.Ms.Marilene do Estado do Par\u00e1. Esta academia parabeniza a profa.  Dra. Elda Ara\u00fajo por t\u00e3o importante conquista e deseja \u00eaxito na  presid\u00eancia do F\u00f3rum de Coordenadores do Sistema UAB da regi\u00e3o Norte.<\/p>ngg_shortcode_0_placeholder","protected":false},"excerpt":{"rendered":"<p>O III Semin\u00e1rio de Coordenadores UAB da regi\u00e3o Norte aconteceu nos dias 9 e 10 de setembro, no audit\u00f3rio da CAPES, Bras\u00edlia, DF. O evento reuniu todos os coordenadores UAB, coordenadores adjuntos, coordenadores de polos, Diretoria da CAPES e Diretoria do Sistema Universidade Aberta do Brasil.<\/p>\n","protected":false},"author":1,"featured_media":0,"comment_status":"closed","ping_status":"closed","sticky":false,"template":"","format":"standard","meta":{"inline_featured_image":false,"site-sidebar-layout":"default","site-content-layout":"","ast-site-content-layout":"default","site-content-style":"default","site-sidebar-style":"default","ast-global-header-display":"","ast-banner-title-visibility":"","ast-main-header-display":"","ast-hfb-above-header-display":"","ast-hfb-below-header-display":"","ast-hfb-mobile-header-display":"","site-post-title":"","ast-breadcrumbs-content":"","ast-featured-img":"","footer-sml-layout":"","theme-transparent-header-meta":"","adv-header-id-meta":"","stick-header-meta":"","header-above-stick-meta":"","header-main-stick-meta":"","header-below-stick-meta":"","astra-migrate-meta-layouts":"default","ast-page-background-enabled":"default","ast-page-background-meta":{"desktop":{"background-color":"var(--ast-global-color-4)","background-image":"","background-repeat":"repeat","background-position":"center center","background-size":"auto","background-attachment":"scroll","background-type":"","background-media":"","overlay-type":"","overlay-color":"","overlay-opacity":"","overlay-gradient":""},"tablet":{"background-color":"","background-image":"","background-repeat":"repeat","background-position":"center center","background-size":"auto","background-attachment":"scroll","background-type":"","background-media":"","overlay-type":"","overlay-color":"","overlay-opacity":"","overlay-gradient":""},"mobile":{"background-color":"","background-image":"","background-repeat":"repeat","background-position":"center center","background-size":"auto","background-attachment":"scroll","background-type":"","background-media":"","overlay-type":"","overlay-color":"","overlay-opacity":"","overlay-gradient":""}},"ast-content-background-meta":{"desktop":{"background-color":"var(--ast-global-color-5)","background-image":"","background-repeat":"repeat","background-position":"center center","background-size":"auto","background-attachment":"scroll","background-type":"","background-media":"","overlay-type":"","overlay-color":"","overlay-opacity":"","overlay-gradient":""},"tablet":{"background-color":"var(--ast-global-color-5)","background-image":"","background-repeat":"repeat","background-position":"center center","background-size":"auto","background-attachment":"scroll","background-type":"","background-media":"","overlay-type":"","overlay-color":"","overlay-opacity":"","overlay-gradient":""},"mobile":{"background-color":"var(--ast-global-color-5)","background-image":"","background-repeat":"repeat","background-position":"center center","background-size":"auto","background-attachment":"scroll","background-type":"","background-media":"","overlay-type":"","overlay-color":"","overlay-opacity":"","overlay-gradient":""}},"ngg_post_thumbnail":0,"footnotes":""},"categories":[5],"tags":[],"class_list":["post-615","post","type-post","status-publish","format-standard","hentry","category-noticias"],"_links":{"self":[{"href":"https:\/\/www2.unifap.br\/ead2\/wp-json\/wp\/v2\/posts\/615","targetHints":{"allow":["GET"]}}],"collection":[{"href":"https:\/\/www2.unifap.br\/ead2\/wp-json\/wp\/v2\/posts"}],"about":[{"href":"https:\/\/www2.unifap.br\/ead2\/wp-json\/wp\/v2\/types\/post"}],"author":[{"embeddable":true,"href":"https:\/\/www2.unifap.br\/ead2\/wp-json\/wp\/v2\/users\/1"}],"replies":[{"embeddable":true,"href":"https:\/\/www2.unifap.br\/ead2\/wp-json\/wp\/v2\/comments?post=615"}],"version-history":[{"count":0,"href":"https:\/\/www2.unifap.br\/ead2\/wp-json\/wp\/v2\/posts\/615\/revisions"}],"wp:attachment":[{"href":"https:\/\/www2.unifap.br\/ead2\/wp-json\/wp\/v2\/media?parent=615"}],"wp:term":[{"taxonomy":"category","embeddable":true,"href":"https:\/\/www2.unifap.br\/ead2\/wp-json\/wp\/v2\/categories?post=615"},{"taxonomy":"post_tag","embeddable":true,"href":"https:\/\/www2.unifap.br\/ead2\/wp-json\/wp\/v2\/tags?post=615"}],"curies":[{"name":"wp","href":"https:\/\/api.w.org\/{rel}","templated":true}]}}