{"id":640,"date":"2010-09-27T13:49:16","date_gmt":"2010-09-27T16:49:16","guid":{"rendered":"http:\/\/saojose.unifap.br\/ead\/?p=640"},"modified":"2010-09-27T13:49:16","modified_gmt":"2010-09-27T16:49:16","slug":"seminario-de-ead-unirede","status":"publish","type":"post","link":"https:\/\/www2.unifap.br\/ead2\/2010\/09\/27\/seminario-de-ead-unirede\/","title":{"rendered":"Semin\u00e1rio de EaD UniRede"},"content":{"rendered":"<p>A UNIFAP sediou nos dias 23 e 24 de setembro o Semin\u00e1rio de Educa\u00e7\u00e3o a Dist\u00e2ncia Regi\u00e3o Norte da Associa\u00e7\u00e3o UNIREDE. O evento teve como objetivo fazer um levantamento dos avan\u00e7os e dos desafios do ensino a dist\u00e2ncia ofertado na regi\u00e3o Norte, em especial, no Estado do Amap\u00e1.<\/p>\n<p><!--more--><\/p>\n<p>A abertura do evento foi realizada pelo Magn\u00edfico reitor da UNIFAP,  Prof. Dr. Jos\u00e9 Carlos Tavares. A coordena\u00e7\u00e3o local do Semin\u00e1rio \u00e9 da  profa. Dra. Elda Ara\u00fajo, atual representante da Regi\u00e3o Norte no Conselho  Nacional da UniRede.<\/p>\n<p>O Semin\u00e1rio foi prestigiado por diversas autoridades acad\u00eamicas da  regi\u00e3o Norte, pela presidente da UNIREDE, profa. Dra. L\u00facia Franco, al\u00e9m  de professores e pessoas interessadas na modalidade de ensino a  dist\u00e2ncia.<\/p>\n<p>A programa\u00e7\u00e3o do evento contemplou duas importantes palestras:  \u201cReconhecimento de Cursos de gradua\u00e7\u00e3o na modalidade a dist\u00e2ncia\u201d,  proferida pelo prof. Dr. S\u00e9rgio Franco, membro da comiss\u00e3o Nacional de  Avalia\u00e7\u00e3o do Ensino Superior e a segunda palestra foi proferida pela  profa. Ms. Selma Leite (UFPA e ex-presidente da UniRede), a qual abordou  o tema \u201cA expans\u00e3o de EaD na regi\u00e3o Norte e a import\u00e2ncia da UniRede  nesse processo\u201d. Al\u00e9m das palestras, as IES que ofertam cursos e\/ou  programa de EaD no Estado do Amap\u00e1 apresentaram suas realiza\u00e7\u00f5es,  dificuldades e planos para futuro.<\/p>\n<p>O Semin\u00e1rio encerrou com a reuni\u00e3o dos representantes das IPES  associadas \u00e0 UniRede, na qual se fez um bala\u00e7o geral de todos os  assuntos tratados durante o Semin\u00e1rio com objetivo de escrever\u00a0 a Carta  de Macap\u00e1 que integrar\u00e1 a Carta de Cuiab\u00e1 a ser redigida durante o VI  ESUD, a ser realizado no m\u00eas de novembro na cidade de Cuiab\u00e1.<\/p>\n<p><img decoding=\"async\" src=\"..\/wp-includes\/js\/tinymce\/plugins\/wpgallery\/img\/t.gif\" alt=\"\" \/><\/p>ngg_shortcode_0_placeholder","protected":false},"excerpt":{"rendered":"<p>A UNIFAP sediou nos dias 23 e 24 de setembro o Semin\u00e1rio de Educa\u00e7\u00e3o a Dist\u00e2ncia Regi\u00e3o Norte da Associa\u00e7\u00e3o UNIREDE. O evento teve como objetivo fazer um levantamento dos avan\u00e7os e dos desafios do ensino a dist\u00e2ncia ofertado na regi\u00e3o Norte, em especial, no Estado do Amap\u00e1.<\/p>\n","protected":false},"author":1,"featured_media":0,"comment_status":"closed","ping_status":"closed","sticky":false,"template":"","format":"standard","meta":{"inline_featured_image":false,"site-sidebar-layout":"default","site-content-layout":"","ast-site-content-layout":"default","site-content-style":"default","site-sidebar-style":"default","ast-global-header-display":"","ast-banner-title-visibility":"","ast-main-header-display":"","ast-hfb-above-header-display":"","ast-hfb-below-header-display":"","ast-hfb-mobile-header-display":"","site-post-title":"","ast-breadcrumbs-content":"","ast-featured-img":"","footer-sml-layout":"","theme-transparent-header-meta":"","adv-header-id-meta":"","stick-header-meta":"","header-above-stick-meta":"","header-main-stick-meta":"","header-below-stick-meta":"","astra-migrate-meta-layouts":"default","ast-page-background-enabled":"default","ast-page-background-meta":{"desktop":{"background-color":"var(--ast-global-color-4)","background-image":"","background-repeat":"repeat","background-position":"center center","background-size":"auto","background-attachment":"scroll","background-type":"","background-media":"","overlay-type":"","overlay-color":"","overlay-opacity":"","overlay-gradient":""},"tablet":{"background-color":"","background-image":"","background-repeat":"repeat","background-position":"center center","background-size":"auto","background-attachment":"scroll","background-type":"","background-media":"","overlay-type":"","overlay-color":"","overlay-opacity":"","overlay-gradient":""},"mobile":{"background-color":"","background-image":"","background-repeat":"repeat","background-position":"center center","background-size":"auto","background-attachment":"scroll","background-type":"","background-media":"","overlay-type":"","overlay-color":"","overlay-opacity":"","overlay-gradient":""}},"ast-content-background-meta":{"desktop":{"background-color":"var(--ast-global-color-5)","background-image":"","background-repeat":"repeat","background-position":"center center","background-size":"auto","background-attachment":"scroll","background-type":"","background-media":"","overlay-type":"","overlay-color":"","overlay-opacity":"","overlay-gradient":""},"tablet":{"background-color":"var(--ast-global-color-5)","background-image":"","background-repeat":"repeat","background-position":"center center","background-size":"auto","background-attachment":"scroll","background-type":"","background-media":"","overlay-type":"","overlay-color":"","overlay-opacity":"","overlay-gradient":""},"mobile":{"background-color":"var(--ast-global-color-5)","background-image":"","background-repeat":"repeat","background-position":"center center","background-size":"auto","background-attachment":"scroll","background-type":"","background-media":"","overlay-type":"","overlay-color":"","overlay-opacity":"","overlay-gradient":""}},"ngg_post_thumbnail":0,"footnotes":""},"categories":[5],"tags":[],"class_list":["post-640","post","type-post","status-publish","format-standard","hentry","category-noticias"],"_links":{"self":[{"href":"https:\/\/www2.unifap.br\/ead2\/wp-json\/wp\/v2\/posts\/640","targetHints":{"allow":["GET"]}}],"collection":[{"href":"https:\/\/www2.unifap.br\/ead2\/wp-json\/wp\/v2\/posts"}],"about":[{"href":"https:\/\/www2.unifap.br\/ead2\/wp-json\/wp\/v2\/types\/post"}],"author":[{"embeddable":true,"href":"https:\/\/www2.unifap.br\/ead2\/wp-json\/wp\/v2\/users\/1"}],"replies":[{"embeddable":true,"href":"https:\/\/www2.unifap.br\/ead2\/wp-json\/wp\/v2\/comments?post=640"}],"version-history":[{"count":0,"href":"https:\/\/www2.unifap.br\/ead2\/wp-json\/wp\/v2\/posts\/640\/revisions"}],"wp:attachment":[{"href":"https:\/\/www2.unifap.br\/ead2\/wp-json\/wp\/v2\/media?parent=640"}],"wp:term":[{"taxonomy":"category","embeddable":true,"href":"https:\/\/www2.unifap.br\/ead2\/wp-json\/wp\/v2\/categories?post=640"},{"taxonomy":"post_tag","embeddable":true,"href":"https:\/\/www2.unifap.br\/ead2\/wp-json\/wp\/v2\/tags?post=640"}],"curies":[{"name":"wp","href":"https:\/\/api.w.org\/{rel}","templated":true}]}}