{"id":656,"date":"2010-09-28T10:30:41","date_gmt":"2010-09-28T13:30:41","guid":{"rendered":"http:\/\/saojose.unifap.br\/ead\/2010\/09\/28\/novo-ps-simplificado-para-ingresso-de-alunos-nos-cursos-de-aperfeicoamento-eadunifap\/"},"modified":"2010-09-28T10:30:41","modified_gmt":"2010-09-28T13:30:41","slug":"novo-ps-simplificado-para-ingresso-de-alunos-nos-cursos-de-aperfeicoamento-eadunifap","status":"publish","type":"post","link":"https:\/\/www2.unifap.br\/ead2\/2010\/09\/28\/novo-ps-simplificado-para-ingresso-de-alunos-nos-cursos-de-aperfeicoamento-eadunifap\/","title":{"rendered":"NOVO PS SIMPLIFICADO PARA INGRESSO DE ALUNOS NOS CURSOS DE APERFEI\u00c7OAMENTO &#8211; EAD\/UNIFAP"},"content":{"rendered":"<p>A Coordenadora do N\u00facleo UAB\/UNIFAP, no uso de suas atribui\u00e7\u00f5es legais e estatut\u00e1rias, torna p\u00fablico, pelo presente Edital, as normas do PROCESSO SELETIVO SIMPLIFICADO PARA INGRESSO DE ALUNOS NOS CURSOS DA REDE DE EDUCA\u00c7\u00c3O PARA A DIVERSIDADE \u2013 SECAD\/MEC para <strong>provimento das vagas existentes e forma\u00e7\u00e3o de cadastro reserva para poss\u00edveis vagas remanescentes<\/strong><\/p>\n<p>nos seguintes cursos de aperfei\u00e7oamento: Educa\u00e7\u00e3o para a Diversidade; Educa\u00e7\u00e3o Integral e Integrada; Educa\u00e7\u00e3o em Direitos Humanos; Cultura e Hist\u00f3ria dos Povos Ind\u00edgenas; Educa\u00e7\u00e3o Ambiental; Educa\u00e7\u00e3o e Sa\u00fade; G\u00eanero e Diversidade na Escola. Os mesmos s\u00e3o executados na modalidade a dist\u00e2ncia, no \u00e2mbito da Universidade Aberta do Brasil &#8211; UAB, oferecidos pela Universidade Federal do Amap\u00e1 &#8211; UNIFAP.<\/p>\n<p><a href=\"http:\/\/www.unifap.br\/intranet\/arquivos\/arq5864.pdf\" target=\"_blank\"><strong>SAIBA MAIS:<\/strong> EDITAL N\u00ba03\/2010 &#8211; EAD (CURSOS DE APERFEI\u00c7OAMENTO)<\/a><\/p>\n","protected":false},"excerpt":{"rendered":"<p>A Coordenadora do N\u00facleo UAB\/UNIFAP, no uso de suas atribui\u00e7\u00f5es legais e estatut\u00e1rias, torna p\u00fablico, pelo presente Edital, as normas do PROCESSO SELETIVO SIMPLIFICADO PARA INGRESSO DE ALUNOS NOS CURSOS DA REDE DE EDUCA\u00c7\u00c3O PARA A DIVERSIDADE \u2013 SECAD\/MEC para provimento das vagas existentes e forma\u00e7\u00e3o de cadastro reserva para poss\u00edveis vagas remanescentes nos seguintes&#8230;<\/p>\n","protected":false},"author":1,"featured_media":0,"comment_status":"closed","ping_status":"closed","sticky":false,"template":"","format":"standard","meta":{"inline_featured_image":false,"site-sidebar-layout":"default","site-content-layout":"","ast-site-content-layout":"default","site-content-style":"default","site-sidebar-style":"default","ast-global-header-display":"","ast-banner-title-visibility":"","ast-main-header-display":"","ast-hfb-above-header-display":"","ast-hfb-below-header-display":"","ast-hfb-mobile-header-display":"","site-post-title":"","ast-breadcrumbs-content":"","ast-featured-img":"","footer-sml-layout":"","theme-transparent-header-meta":"","adv-header-id-meta":"","stick-header-meta":"","header-above-stick-meta":"","header-main-stick-meta":"","header-below-stick-meta":"","astra-migrate-meta-layouts":"default","ast-page-background-enabled":"default","ast-page-background-meta":{"desktop":{"background-color":"var(--ast-global-color-4)","background-image":"","background-repeat":"repeat","background-position":"center center","background-size":"auto","background-attachment":"scroll","background-type":"","background-media":"","overlay-type":"","overlay-color":"","overlay-opacity":"","overlay-gradient":""},"tablet":{"background-color":"","background-image":"","background-repeat":"repeat","background-position":"center center","background-size":"auto","background-attachment":"scroll","background-type":"","background-media":"","overlay-type":"","overlay-color":"","overlay-opacity":"","overlay-gradient":""},"mobile":{"background-color":"","background-image":"","background-repeat":"repeat","background-position":"center center","background-size":"auto","background-attachment":"scroll","background-type":"","background-media":"","overlay-type":"","overlay-color":"","overlay-opacity":"","overlay-gradient":""}},"ast-content-background-meta":{"desktop":{"background-color":"var(--ast-global-color-5)","background-image":"","background-repeat":"repeat","background-position":"center center","background-size":"auto","background-attachment":"scroll","background-type":"","background-media":"","overlay-type":"","overlay-color":"","overlay-opacity":"","overlay-gradient":""},"tablet":{"background-color":"var(--ast-global-color-5)","background-image":"","background-repeat":"repeat","background-position":"center center","background-size":"auto","background-attachment":"scroll","background-type":"","background-media":"","overlay-type":"","overlay-color":"","overlay-opacity":"","overlay-gradient":""},"mobile":{"background-color":"var(--ast-global-color-5)","background-image":"","background-repeat":"repeat","background-position":"center center","background-size":"auto","background-attachment":"scroll","background-type":"","background-media":"","overlay-type":"","overlay-color":"","overlay-opacity":"","overlay-gradient":""}},"ngg_post_thumbnail":0,"footnotes":""},"categories":[5],"tags":[],"class_list":["post-656","post","type-post","status-publish","format-standard","hentry","category-noticias"],"_links":{"self":[{"href":"https:\/\/www2.unifap.br\/ead2\/wp-json\/wp\/v2\/posts\/656","targetHints":{"allow":["GET"]}}],"collection":[{"href":"https:\/\/www2.unifap.br\/ead2\/wp-json\/wp\/v2\/posts"}],"about":[{"href":"https:\/\/www2.unifap.br\/ead2\/wp-json\/wp\/v2\/types\/post"}],"author":[{"embeddable":true,"href":"https:\/\/www2.unifap.br\/ead2\/wp-json\/wp\/v2\/users\/1"}],"replies":[{"embeddable":true,"href":"https:\/\/www2.unifap.br\/ead2\/wp-json\/wp\/v2\/comments?post=656"}],"version-history":[{"count":0,"href":"https:\/\/www2.unifap.br\/ead2\/wp-json\/wp\/v2\/posts\/656\/revisions"}],"wp:attachment":[{"href":"https:\/\/www2.unifap.br\/ead2\/wp-json\/wp\/v2\/media?parent=656"}],"wp:term":[{"taxonomy":"category","embeddable":true,"href":"https:\/\/www2.unifap.br\/ead2\/wp-json\/wp\/v2\/categories?post=656"},{"taxonomy":"post_tag","embeddable":true,"href":"https:\/\/www2.unifap.br\/ead2\/wp-json\/wp\/v2\/tags?post=656"}],"curies":[{"name":"wp","href":"https:\/\/api.w.org\/{rel}","templated":true}]}}