{"id":732,"date":"2010-12-01T18:09:52","date_gmt":"2010-12-01T21:09:52","guid":{"rendered":"http:\/\/saojose.unifap.br\/ead\/?p=732"},"modified":"2010-12-01T18:09:52","modified_gmt":"2010-12-01T21:09:52","slug":"aula-inaugural-dos-cursos-de-aperfeicoamento-em-ead","status":"publish","type":"post","link":"https:\/\/www2.unifap.br\/ead2\/2010\/12\/01\/aula-inaugural-dos-cursos-de-aperfeicoamento-em-ead\/","title":{"rendered":"AULA INAUGURAL DOS CURSOS DE APERFEI\u00c7OAMENTO EM EAD"},"content":{"rendered":"<p>O Departamento de Educa\u00e7\u00e3o a Dist\u00e2ncia e o N\u00facleo UAB\/UNIFAP tem a honra de convidar alunos, tutores, professores, demais membros da comunidade unifapiana e a sociedade civil em geral para prestigiar a aula inaugural dos cursos de aperfei\u00e7oamento da Rede de Educa\u00e7\u00e3o para a Diversidade &#8211; SECAD\/MEC que ser\u00e1 realizada no dia <strong>06 de dezembro de 2010 as 15h30 no Anfiteatro da UNIFAP.<\/strong><\/p>\n<p>O evento ir\u00e1 contar com a participa\u00e7\u00e3o do Magn\u00edfico Reitor da Universidade Federal do Amap\u00e1, Prof\u00ba. Dr. Jos\u00e9 Carlos Tavares Carvalho, e por representantes das Pr\u00f3-Reitorias e Unidades Acad\u00eamicas desta IFES. A tem\u00e1tica da aula inaugural ser\u00e1 <strong>EAD na forma\u00e7\u00e3o inicial e continuada<\/strong>, e ser\u00e1 proferida pela Prof\u00aa. Dr\u00aa. Elda Gomes Ara\u00fajo e pelo Prof\u00ba. Esp. Izaias Loureiro Tavares.<\/p>\n<p>Reiteramos que se trata de uma ocasi\u00e3o peculiar na hist\u00f3ria da Educa\u00e7\u00e3o a Dist\u00e2ncia no Estado do Amap\u00e1, pois daremos in\u00edcio aos primeiros cursos de aperfei\u00e7oamento na modalidade \u00e0 dist\u00e2ncia no \u00e2mbito da UNIFAP, ofertando capacita\u00e7\u00e3o e desenvolvimento profissional de forma gratuita e com qualidade nacionalmente garantida. J\u00e1 contamos com 2 (dois) cursos de gradua\u00e7\u00e3o em andamento e temos previs\u00e3o de abrir mais 5 (cinco) cursos em n\u00edvel de especializa\u00e7\u00e3o.<\/p>\n<p><strong>No evento ser\u00e1 informado aos alunos a equipe que ir\u00e1 compor o corpo t\u00e9cnico e docente dos cursos e os alunos que est\u00e3o efetivamente matriculados e aqueles que apresentam pend\u00eancias. <\/strong><\/p>\n<p>Todos os cursos que ser\u00e3o desenvolvidos utilizam metodologia pr\u00f3pria atendendo as tend\u00eancias atuais de estrat\u00e9gias de Educa\u00e7\u00e3o a Dist\u00e2ncia e conta com um corpo t\u00e9cnico e docente especializado na \u00e1rea. Os tutores receberam uma forma\u00e7\u00e3o especial para os cursos de aperfei\u00e7oamento num curso ministrado pela pr\u00f3pria equipe de professores do N\u00facleo UAB\/UNIFAP.<\/p>\n<p><strong>IMPORTANTE: <\/strong>Apenas 2 (dois) cursos n\u00e3o ir\u00e3o iniciar no dia 06\/12. O curso de Cultura e Hist\u00f3ria dos Povos Ind\u00edgenas<strong> <\/strong>tem previs\u00e3o de in\u00edcio para <strong>Janeiro de 2011<\/strong>, e o curso de Educa\u00e7\u00e3o e Saude tem previs\u00e3o de in\u00edcio para <strong>Mar\u00e7o de 2011<\/strong>. Esses casos s\u00e3o isolados e existiram devido ao fato do material did\u00e1tico dos mesmos n\u00e3o terem sido disponibilizados e aprovados a tempo pela coordena\u00e7\u00e3o nacional do programa.<\/p>\n<p>Nesta oferta, os cursos ter\u00e3o suas vagas distribu\u00eddas conforme demonstrativo abaixo:<\/p>\n<table border=\"1\" cellspacing=\"0\" cellpadding=\"0\" width=\"100%\">\n<tbody>\n<tr>\n<td width=\"29%\"><strong>CURSO<\/strong><\/td>\n<td width=\"9%\"><strong>TOTAL DE VAGAS DO CURSO<\/strong><\/td>\n<td width=\"13%\"><strong>POLO MCP*<\/strong><\/td>\n<td width=\"13%\"><strong>POLO STN**<\/strong><\/td>\n<td width=\"12%\"><strong>POLO VJ***<\/strong><\/td>\n<td width=\"21%\"><strong>POLO OIAPOQUE****<\/strong><\/td>\n<\/tr>\n<tr>\n<td width=\"29%\">CHPI &#8211; Cultura   e Hist\u00f3ria dos Povos Ind\u00edgenas<\/td>\n<td width=\"9%\"><strong>300<\/strong><\/td>\n<td width=\"13%\"><strong>220 <\/strong><\/td>\n<td width=\"13%\"><strong>N\/A<\/strong><\/td>\n<td width=\"12%\"><strong>30 <\/strong><\/td>\n<td width=\"21%\"><strong>50 <\/strong><\/td>\n<\/tr>\n<tr>\n<td width=\"29%\">EAM &#8211; Educa\u00e7\u00e3o   Ambiental<\/td>\n<td width=\"9%\"><strong>120<\/strong><\/td>\n<td width=\"13%\"><strong>42 <\/strong><\/td>\n<td width=\"13%\"><strong>N\/A<\/strong><\/td>\n<td width=\"12%\"><strong>32 <\/strong><\/td>\n<td width=\"21%\"><strong>46 <\/strong><\/td>\n<\/tr>\n<tr>\n<td width=\"29%\">EDC &#8211; Educa\u00e7\u00e3o   para a Diversidade<\/td>\n<td width=\"9%\"><strong>420<\/strong><\/td>\n<td width=\"13%\"><strong>340 <\/strong><\/td>\n<td width=\"13%\"><strong>40 <\/strong><\/td>\n<td width=\"12%\"><strong>20 <\/strong><\/td>\n<td width=\"21%\"><strong>20 <\/strong><\/td>\n<\/tr>\n<tr>\n<td width=\"29%\">EDH &#8211; Educa\u00e7\u00e3o   em Direitos Humanos<\/td>\n<td width=\"9%\"><strong>120<\/strong><\/td>\n<td width=\"13%\"><strong>61 <\/strong><\/td>\n<td width=\"13%\"><strong>40 <\/strong><\/td>\n<td width=\"12%\"><strong>19 <\/strong><\/td>\n<td width=\"21%\"><strong>N\/A<\/strong><\/td>\n<\/tr>\n<tr>\n<td width=\"29%\">EDS &#8211; Educa\u00e7\u00e3o   e Sa\u00fade<\/td>\n<td width=\"9%\"><strong>240<\/strong><\/td>\n<td width=\"13%\"><strong>140 <\/strong><\/td>\n<td width=\"13%\"><strong>60 <\/strong><\/td>\n<td width=\"12%\"><strong>20 <\/strong><\/td>\n<td width=\"21%\"><strong>20 <\/strong><\/td>\n<\/tr>\n<tr>\n<td width=\"29%\">EII &#8211; Educa\u00e7\u00e3o   Integral e Integrada<\/td>\n<td width=\"9%\"><strong>180<\/strong><\/td>\n<td width=\"13%\"><strong>140 <\/strong><\/td>\n<td width=\"13%\"><strong>N\/A<\/strong><\/td>\n<td width=\"12%\"><strong>20 <\/strong><\/td>\n<td width=\"21%\"><strong>20 <\/strong><\/td>\n<\/tr>\n<tr>\n<td width=\"29%\">GDE &#8211; G\u00eanero e   Diversidade na Escola<\/td>\n<td width=\"9%\"><strong>240<\/strong><\/td>\n<td width=\"13%\"><strong>140 <\/strong><\/td>\n<td width=\"13%\"><strong>60 <\/strong><\/td>\n<td width=\"12%\"><strong>20 <\/strong><\/td>\n<td width=\"21%\"><strong>20 <\/strong><\/td>\n<\/tr>\n<tr>\n<td width=\"29%\"><strong><em>TOTAL<\/em><\/strong><\/td>\n<td width=\"9%\"><strong><em>1620<\/em><\/strong><\/td>\n<td width=\"13%\" valign=\"bottom\"><strong>1083<\/strong><\/td>\n<td width=\"13%\" valign=\"bottom\"><strong>200<\/strong><\/td>\n<td width=\"12%\" valign=\"bottom\"><strong>161<\/strong><\/td>\n<td width=\"21%\" valign=\"bottom\"><strong>176<\/strong><\/td>\n<\/tr>\n<\/tbody>\n<\/table>\n<p>A aula inaugural no polo de Oiapoque e no polo de Vit\u00f3ria do Jari ir\u00e1 acontecer ainda neste m\u00eas de dezembro nos respectivos munic\u00edpios.<\/p>\n<p>A presen\u00e7a de todos ser\u00e1 muito especial para o engrandecimento do evento.<\/p>\n","protected":false},"excerpt":{"rendered":"<p>O Departamento de Educa\u00e7\u00e3o a Dist\u00e2ncia e o N\u00facleo UAB\/UNIFAP tem a honra de convidar alunos, tutores, professores, demais membros da comunidade unifapiana e a sociedade civil em geral para prestigiar a aula inaugural dos cursos de aperfei\u00e7oamento da Rede de Educa\u00e7\u00e3o para a Diversidade &#8211; SECAD\/MEC que ser\u00e1 realizada no dia 06 de dezembro&#8230;<\/p>\n","protected":false},"author":97,"featured_media":0,"comment_status":"closed","ping_status":"closed","sticky":false,"template":"","format":"standard","meta":{"inline_featured_image":false,"site-sidebar-layout":"default","site-content-layout":"","ast-site-content-layout":"default","site-content-style":"default","site-sidebar-style":"default","ast-global-header-display":"","ast-banner-title-visibility":"","ast-main-header-display":"","ast-hfb-above-header-display":"","ast-hfb-below-header-display":"","ast-hfb-mobile-header-display":"","site-post-title":"","ast-breadcrumbs-content":"","ast-featured-img":"","footer-sml-layout":"","theme-transparent-header-meta":"","adv-header-id-meta":"","stick-header-meta":"","header-above-stick-meta":"","header-main-stick-meta":"","header-below-stick-meta":"","astra-migrate-meta-layouts":"default","ast-page-background-enabled":"default","ast-page-background-meta":{"desktop":{"background-color":"var(--ast-global-color-4)","background-image":"","background-repeat":"repeat","background-position":"center center","background-size":"auto","background-attachment":"scroll","background-type":"","background-media":"","overlay-type":"","overlay-color":"","overlay-opacity":"","overlay-gradient":""},"tablet":{"background-color":"","background-image":"","background-repeat":"repeat","background-position":"center center","background-size":"auto","background-attachment":"scroll","background-type":"","background-media":"","overlay-type":"","overlay-color":"","overlay-opacity":"","overlay-gradient":""},"mobile":{"background-color":"","background-image":"","background-repeat":"repeat","background-position":"center center","background-size":"auto","background-attachment":"scroll","background-type":"","background-media":"","overlay-type":"","overlay-color":"","overlay-opacity":"","overlay-gradient":""}},"ast-content-background-meta":{"desktop":{"background-color":"var(--ast-global-color-5)","background-image":"","background-repeat":"repeat","background-position":"center center","background-size":"auto","background-attachment":"scroll","background-type":"","background-media":"","overlay-type":"","overlay-color":"","overlay-opacity":"","overlay-gradient":""},"tablet":{"background-color":"var(--ast-global-color-5)","background-image":"","background-repeat":"repeat","background-position":"center center","background-size":"auto","background-attachment":"scroll","background-type":"","background-media":"","overlay-type":"","overlay-color":"","overlay-opacity":"","overlay-gradient":""},"mobile":{"background-color":"var(--ast-global-color-5)","background-image":"","background-repeat":"repeat","background-position":"center center","background-size":"auto","background-attachment":"scroll","background-type":"","background-media":"","overlay-type":"","overlay-color":"","overlay-opacity":"","overlay-gradient":""}},"ngg_post_thumbnail":0,"footnotes":""},"categories":[5],"tags":[],"class_list":["post-732","post","type-post","status-publish","format-standard","hentry","category-noticias"],"_links":{"self":[{"href":"https:\/\/www2.unifap.br\/ead2\/wp-json\/wp\/v2\/posts\/732","targetHints":{"allow":["GET"]}}],"collection":[{"href":"https:\/\/www2.unifap.br\/ead2\/wp-json\/wp\/v2\/posts"}],"about":[{"href":"https:\/\/www2.unifap.br\/ead2\/wp-json\/wp\/v2\/types\/post"}],"author":[{"embeddable":true,"href":"https:\/\/www2.unifap.br\/ead2\/wp-json\/wp\/v2\/users\/97"}],"replies":[{"embeddable":true,"href":"https:\/\/www2.unifap.br\/ead2\/wp-json\/wp\/v2\/comments?post=732"}],"version-history":[{"count":0,"href":"https:\/\/www2.unifap.br\/ead2\/wp-json\/wp\/v2\/posts\/732\/revisions"}],"wp:attachment":[{"href":"https:\/\/www2.unifap.br\/ead2\/wp-json\/wp\/v2\/media?parent=732"}],"wp:term":[{"taxonomy":"category","embeddable":true,"href":"https:\/\/www2.unifap.br\/ead2\/wp-json\/wp\/v2\/categories?post=732"},{"taxonomy":"post_tag","embeddable":true,"href":"https:\/\/www2.unifap.br\/ead2\/wp-json\/wp\/v2\/tags?post=732"}],"curies":[{"name":"wp","href":"https:\/\/api.w.org\/{rel}","templated":true}]}}