{"id":766,"date":"2011-01-07T20:23:55","date_gmt":"2011-01-07T23:23:55","guid":{"rendered":"http:\/\/saojose.unifap.br\/ead\/?p=766"},"modified":"2011-01-07T20:23:55","modified_gmt":"2011-01-07T23:23:55","slug":"informe-ead-janeiro2011-novo-ano-novos-cursos","status":"publish","type":"post","link":"https:\/\/www2.unifap.br\/ead2\/2011\/01\/07\/informe-ead-janeiro2011-novo-ano-novos-cursos\/","title":{"rendered":"INFORME EAD JANEIRO\/2011 &#8211; Novo ano, novos cursos!!!"},"content":{"rendered":"<p style=\"text-align: justify\">A Educa\u00e7\u00e3o a Dist\u00e2ncia est\u00e1 em plena expans\u00e3o quantitativa e qualitativa no \u00e2mbito nacional, e se levarmos em considera\u00e7\u00e3o que se trata de uma modalidade relativamente nova no cen\u00e1rio educacional brasileiro, \u00e9 percept\u00edvel seu sucesso, uma vez que esta modalidade tem vencido muitas barreiras operacionais e superado resist\u00eancias severas por parte dos educadores mais tradicionais, visto que estes alegam que essa modalidade n\u00e3o disp\u00f5e da intera\u00e7\u00e3o direta professor x aluno em todos os momentos de estudo.<\/p>\n<p style=\"text-align: justify\">Nesse cen\u00e1rio, \u00e9 com imensa satisfa\u00e7\u00e3o que a Coordena\u00e7\u00e3o do N\u00facleo UAB\/UNIFAP comunica a comunidade acad\u00eamica a aprova\u00e7\u00e3o de novos cursos nos n\u00edveis de especializa\u00e7\u00e3o e mestrado profissional para in\u00edcio no ano de 2011, bem como a complementa\u00e7\u00e3o das ofertas em outras modalidades, acompanhe todos os cursos neste informativo.<\/p>\n<p style=\"text-align: center\"><strong>===================================================================<\/strong><\/p>\n<p><strong>N\u00cdVEL:<\/strong> MESTRADO PROFISSIONAL<\/p>\n<p style=\"text-align: justify\">O Programa de Mestrado Profissional em Matem\u00e1tica em Rede Nacional &#8211; PROFMAT \u00e9 um curso de p\u00f3s-gradua\u00e7\u00e3o <em>stricto sensu<\/em> (<em>Mestrado Profissional<\/em>) que objetiva aprimoramento da forma\u00e7\u00e3o profissional de professores da educa\u00e7\u00e3o b\u00e1sica e confere ao concluinte o t\u00edtulo de Mestre. \u00c9 um curso semipresencial, com oferta nacional, realizado por uma rede de Institui\u00e7\u00f5es de Ensino Superior, no contexto da Universidade Aberta do Brasil, e coordenado pela Sociedade Brasileira de Matem\u00e1tica. A previs\u00e3o para in\u00edcio dos cursos remonta o primeiro semestre de 2011.<\/p>\n<p style=\"text-align: justify\">Para mais informa\u00e7\u00f5es acesse: <a href=\"http:\/\/www.profmat-sbm.org.br\/\" target=\"_blank\">http:\/\/www.profmat-sbm.org.br\/<\/a><\/p>\n<p style=\"text-align: center\">===================================================================<\/p>\n<p><strong>N\u00cdVEL: <\/strong>ESPECIALIZA\u00c7\u00c3O<\/p>\n<p style=\"text-align: justify\">A Universidade Aberta do Brasil (UAB) e a Coordena\u00e7\u00e3o de Aperfei\u00e7oamento de Pessoal de N\u00edvel Superior (Capes) abriram no 2\u00ba semestre de 2010 uma chamada para ades\u00e3o de Institui\u00e7\u00f5es P\u00fablicas de Ensino Superior (IES) participantes do Sistema UAB para oferta dos cursos de Especializa\u00e7\u00e3o, na modalidade a dist\u00e2ncia.<\/p>\n<p>A UNIFAP aprovou nesta chamada os seguintes cursos<\/p>\n<ul style=\"text-align: justify\">\n<li>Especializa\u00e7\u00e3o em Ensino de Filosofia no Ensino M\u00e9dio,<\/li>\n<li>Especializa\u00e7\u00e3o em Ensino de Matem\u00e1tica no Ensino M\u00e9dio,<\/li>\n<li>Especializa\u00e7\u00e3o em Ensino de Sociologia no Ensino M\u00e9dio e<\/li>\n<li>Especializa\u00e7\u00e3o em Ensino de Ci\u00eancias.<\/li>\n<\/ul>\n<p style=\"text-align: justify\">\nOs cursos devem ter o objetivo de promover a forma\u00e7\u00e3o continuada de professores das redes p\u00fablicas de educa\u00e7\u00e3o por meio do uso da metodologia da educa\u00e7\u00e3o a dist\u00e2ncia. O p\u00fablico em geral \u00e9 atendido, mas os professores que atuam na educa\u00e7\u00e3o b\u00e1sica t\u00eam prioridade de forma\u00e7\u00e3o, seguidos dos dirigentes, gestores e trabalhadores em educa\u00e7\u00e3o b\u00e1sica da rede p\u00fablica.<\/p>\n<p>O processo de sele\u00e7\u00e3o ser\u00e1 divulgado em breve.<\/p>\n<p style=\"text-align: justify\">\n<p style=\"text-align: justify\">NOTA: No ano de 2011 ainda, ir\u00e1 ter in\u00edcio o <strong>Curso de Especializa\u00e7\u00e3o em Educa\u00e7\u00e3o no Campo<\/strong> (<em>com os alunos que j\u00e1 foram selecionados via Plataforma Freire<\/em> em 2010) e o <strong>Curso de Especializa\u00e7\u00e3o em M\u00eddias na Educa\u00e7\u00e3o<\/strong> (<em>com inscri\u00e7\u00f5es APENAS via Plataforma Freire, em per\u00edodo a ser definido<\/em>)<\/p>\n<p style=\"text-align: center\"><strong>===================================================================<\/strong><\/p>\n<p style=\"text-align: justify\"><strong>N\u00cdVEL: <\/strong>EXTENS\u00c3O\/APERFEI\u00c7OAMENTO<\/p>\n<p style=\"text-align: justify\">Dos 07 cursos autorizados a funcionar na UNIFAP, 05 j\u00e1 iniciaram suas atividades em 2010, restando apenas os cursos de <strong>Cultura e Hist\u00f3ria dos Povos Ind\u00edgenas<\/strong> (<em>com in\u00edcio confirmado para 17 de janeiro de 2011<\/em>) e de <strong>Educa\u00e7\u00e3o e Saude<\/strong> (<em>com in\u00edcio previsto para mar\u00e7o de 2011<\/em>). Acompanhe neste site e em <a href=\"http:\/\/www.unifap.br\" target=\"_blank\">www.unifap.br<\/a> a publica\u00e7\u00e3o de informa\u00e7\u00f5es adicionais sobre estes e outros cursos.<\/p>\n<p style=\"text-align: justify\">O \u00fanico curso deste n\u00edvel que ir\u00e1 iniciar \u00e9 o <strong>Curso de Extens\u00e3o em M\u00eddias na Educa\u00e7\u00e3o<\/strong> (<em>com inscri\u00e7\u00f5es APENAS via Plataforma Freire, em per\u00edodo a ser definido<\/em>)<\/p>\n<p style=\"text-align: center\"><strong>===================================================================<\/strong><\/p>\n<p style=\"text-align: justify\"><strong>N\u00cdVEL: <\/strong>GRADUA\u00c7\u00c3O<\/p>\n<p style=\"text-align: justify\">Os cursos de gradua\u00e7\u00e3o em Educa\u00e7\u00e3o F\u00edsica e Matem\u00e1tica entram nesse ano para o 2\u00ba semestre. Ser\u00e1 realizado o 1\u00ba vestibulinho da modalidade, para preenchimento das vagas remanescentes, o Edital do certame est\u00e1 em constru\u00e7\u00e3o.<\/p>\n<p style=\"text-align: justify\">Existe previs\u00e3o de oferta dos cursos de gradua\u00e7\u00e3o na modalidade EAD em 2011 para os seguintes polos de apoio presencial:<\/p>\n<ul style=\"text-align: justify\">\n<li>Equador (Macap\u00e1\/AP)<\/li>\n<li>UAB Santana (Santana\/AP)<\/li>\n<li>Interc\u00e2mbio da Universidade Aberta do Brasil (Oiapoque\/AP)<\/li>\n<li>Caulim da Amaz\u00f4nia (Vit\u00f3ria do Jari\/AP)<\/li>\n<li>Joaquim Xavier da Veiga Cabral (Amap\u00e1\/AP) &#8211;\u00a0 <em>Em implanta\u00e7\u00e3o<br \/>\n<\/em><\/li>\n<li>Imigrantes de Porto Grande (Porto Grande\/AP) &#8211; <em>Em implanta\u00e7\u00e3o<\/em><\/li>\n<\/ul>\n<p style=\"text-align: justify\"><strong><br \/>\n<\/strong><\/p>\n<p style=\"text-align: center\"><strong>===================================================================<\/strong><\/p>\n<p style=\"text-align: center\"><strong>Para maiores informa\u00e7\u00f5es entrem em contato com o Departamento de Educa\u00e7\u00e3o a Dist\u00e2ncia pelo fone (96) 3312-1765 ou pelo endere\u00e7o eletr\u00f4nico ead@unifap.br<\/strong><\/p>\n","protected":false},"excerpt":{"rendered":"<p>A Educa\u00e7\u00e3o a Dist\u00e2ncia est\u00e1 em plena expans\u00e3o quantitativa e qualitativa no \u00e2mbito nacional, e se levarmos em considera\u00e7\u00e3o que se trata de uma modalidade relativamente nova no cen\u00e1rio educacional brasileiro, \u00e9 percept\u00edvel seu sucesso, uma vez que esta modalidade tem vencido muitas barreiras operacionais e superado resist\u00eancias severas por parte dos educadores mais tradicionais,&#8230;<\/p>\n","protected":false},"author":97,"featured_media":0,"comment_status":"closed","ping_status":"closed","sticky":false,"template":"","format":"standard","meta":{"inline_featured_image":false,"site-sidebar-layout":"default","site-content-layout":"","ast-site-content-layout":"default","site-content-style":"default","site-sidebar-style":"default","ast-global-header-display":"","ast-banner-title-visibility":"","ast-main-header-display":"","ast-hfb-above-header-display":"","ast-hfb-below-header-display":"","ast-hfb-mobile-header-display":"","site-post-title":"","ast-breadcrumbs-content":"","ast-featured-img":"","footer-sml-layout":"","theme-transparent-header-meta":"","adv-header-id-meta":"","stick-header-meta":"","header-above-stick-meta":"","header-main-stick-meta":"","header-below-stick-meta":"","astra-migrate-meta-layouts":"default","ast-page-background-enabled":"default","ast-page-background-meta":{"desktop":{"background-color":"var(--ast-global-color-4)","background-image":"","background-repeat":"repeat","background-position":"center center","background-size":"auto","background-attachment":"scroll","background-type":"","background-media":"","overlay-type":"","overlay-color":"","overlay-opacity":"","overlay-gradient":""},"tablet":{"background-color":"","background-image":"","background-repeat":"repeat","background-position":"center center","background-size":"auto","background-attachment":"scroll","background-type":"","background-media":"","overlay-type":"","overlay-color":"","overlay-opacity":"","overlay-gradient":""},"mobile":{"background-color":"","background-image":"","background-repeat":"repeat","background-position":"center center","background-size":"auto","background-attachment":"scroll","background-type":"","background-media":"","overlay-type":"","overlay-color":"","overlay-opacity":"","overlay-gradient":""}},"ast-content-background-meta":{"desktop":{"background-color":"var(--ast-global-color-5)","background-image":"","background-repeat":"repeat","background-position":"center center","background-size":"auto","background-attachment":"scroll","background-type":"","background-media":"","overlay-type":"","overlay-color":"","overlay-opacity":"","overlay-gradient":""},"tablet":{"background-color":"var(--ast-global-color-5)","background-image":"","background-repeat":"repeat","background-position":"center center","background-size":"auto","background-attachment":"scroll","background-type":"","background-media":"","overlay-type":"","overlay-color":"","overlay-opacity":"","overlay-gradient":""},"mobile":{"background-color":"var(--ast-global-color-5)","background-image":"","background-repeat":"repeat","background-position":"center center","background-size":"auto","background-attachment":"scroll","background-type":"","background-media":"","overlay-type":"","overlay-color":"","overlay-opacity":"","overlay-gradient":""}},"ngg_post_thumbnail":0,"footnotes":""},"categories":[5],"tags":[],"class_list":["post-766","post","type-post","status-publish","format-standard","hentry","category-noticias"],"_links":{"self":[{"href":"https:\/\/www2.unifap.br\/ead2\/wp-json\/wp\/v2\/posts\/766","targetHints":{"allow":["GET"]}}],"collection":[{"href":"https:\/\/www2.unifap.br\/ead2\/wp-json\/wp\/v2\/posts"}],"about":[{"href":"https:\/\/www2.unifap.br\/ead2\/wp-json\/wp\/v2\/types\/post"}],"author":[{"embeddable":true,"href":"https:\/\/www2.unifap.br\/ead2\/wp-json\/wp\/v2\/users\/97"}],"replies":[{"embeddable":true,"href":"https:\/\/www2.unifap.br\/ead2\/wp-json\/wp\/v2\/comments?post=766"}],"version-history":[{"count":0,"href":"https:\/\/www2.unifap.br\/ead2\/wp-json\/wp\/v2\/posts\/766\/revisions"}],"wp:attachment":[{"href":"https:\/\/www2.unifap.br\/ead2\/wp-json\/wp\/v2\/media?parent=766"}],"wp:term":[{"taxonomy":"category","embeddable":true,"href":"https:\/\/www2.unifap.br\/ead2\/wp-json\/wp\/v2\/categories?post=766"},{"taxonomy":"post_tag","embeddable":true,"href":"https:\/\/www2.unifap.br\/ead2\/wp-json\/wp\/v2\/tags?post=766"}],"curies":[{"name":"wp","href":"https:\/\/api.w.org\/{rel}","templated":true}]}}