{"id":777,"date":"2010-12-11T20:46:49","date_gmt":"2010-12-11T23:46:49","guid":{"rendered":"http:\/\/saojose.unifap.br\/ead\/?p=777"},"modified":"2010-12-11T20:46:49","modified_gmt":"2010-12-11T23:46:49","slug":"aula-inaugural-cursos-da-secad-oiapoque","status":"publish","type":"post","link":"https:\/\/www2.unifap.br\/ead2\/2010\/12\/11\/aula-inaugural-cursos-da-secad-oiapoque\/","title":{"rendered":"Aula Inaugural \u2013 Cursos da SECAD \u2013 Oiapoque"},"content":{"rendered":"<p>A Coordenadora do Polo Interc\u00e2mbio da Universidade Aberta do Brasil, Prof\u00aa. Natalina Ribeiro, realizou nesta semana o encontro presencial que marca o in\u00edcio dos cursos de aperfei\u00e7oamento naquele munic\u00edpio. A aula inaugural conduzida pela coordenadora deu in\u00edcio as atividades dos seguintes cursos:<\/p>\n<ul>\n<li>Educa\u00e7\u00e3o Ambiental<\/li>\n<li>Educa\u00e7\u00e3o para aDiversidade<\/li>\n<li>Educa\u00e7\u00e3o Integral e Integrada<\/li>\n<li>G\u00eanero e Diversidade na Escola<\/li>\n<\/ul>\n<p>Est\u00e3o previstos para iniciar no primeiro trimestre de 2011 os cursos de Cultura e Hist\u00f3ria dos Povos Ind\u00edgenas (Janeiro) e Educa\u00e7\u00e3o e Sa\u00fade (Mar\u00e7o)<\/p>\n<p>Nas palavras da Coordenadora, &#8220;\u00c9 com satisfa\u00e7\u00e3o que participo o sucesso do Encontro Ped\u00e1gogico realizado junto as tutoras presenciais e cursistas SECAD. Toda a pauta transcorreu com tranquilidade e participa\u00e7\u00e3o de todos. Enfatizei a import\u00e2ncia da Coordena\u00e7\u00e3o UAB\/UNIFAP\u00a0 como respons\u00e1vel pelo departamento de EAD da universidade e por concretizar a implanta\u00e7\u00e3o do POLO UAB no munic\u00edpio.&#8221;<\/p>\n<p>A Coordena\u00e7\u00e3o reconhece o trabalho exemplar da Coordena\u00e7\u00e3o do Polo e parabeniza-a pelo excelente trabalho desempenhado. Seguem fotos do evento.<\/p>\n<p style=\"text-align: center\">ngg_shortcode_0_placeholder<\/p>\n","protected":false},"excerpt":{"rendered":"<p>A Coordenadora do Polo Interc\u00e2mbio da Universidade Aberta do Brasil, Prof\u00aa. Natalina Ribeiro, realizou nesta semana o encontro presencial que marca o in\u00edcio dos cursos de aperfei\u00e7oamento naquele munic\u00edpio. A aula inaugural conduzida pela coordenadora deu in\u00edcio as atividades dos seguintes cursos: Educa\u00e7\u00e3o Ambiental Educa\u00e7\u00e3o para aDiversidade Educa\u00e7\u00e3o Integral e Integrada G\u00eanero e Diversidade na&#8230;<\/p>\n","protected":false},"author":97,"featured_media":0,"comment_status":"closed","ping_status":"closed","sticky":false,"template":"","format":"standard","meta":{"inline_featured_image":false,"site-sidebar-layout":"default","site-content-layout":"","ast-site-content-layout":"default","site-content-style":"default","site-sidebar-style":"default","ast-global-header-display":"","ast-banner-title-visibility":"","ast-main-header-display":"","ast-hfb-above-header-display":"","ast-hfb-below-header-display":"","ast-hfb-mobile-header-display":"","site-post-title":"","ast-breadcrumbs-content":"","ast-featured-img":"","footer-sml-layout":"","theme-transparent-header-meta":"","adv-header-id-meta":"","stick-header-meta":"","header-above-stick-meta":"","header-main-stick-meta":"","header-below-stick-meta":"","astra-migrate-meta-layouts":"default","ast-page-background-enabled":"default","ast-page-background-meta":{"desktop":{"background-color":"var(--ast-global-color-4)","background-image":"","background-repeat":"repeat","background-position":"center center","background-size":"auto","background-attachment":"scroll","background-type":"","background-media":"","overlay-type":"","overlay-color":"","overlay-opacity":"","overlay-gradient":""},"tablet":{"background-color":"","background-image":"","background-repeat":"repeat","background-position":"center center","background-size":"auto","background-attachment":"scroll","background-type":"","background-media":"","overlay-type":"","overlay-color":"","overlay-opacity":"","overlay-gradient":""},"mobile":{"background-color":"","background-image":"","background-repeat":"repeat","background-position":"center center","background-size":"auto","background-attachment":"scroll","background-type":"","background-media":"","overlay-type":"","overlay-color":"","overlay-opacity":"","overlay-gradient":""}},"ast-content-background-meta":{"desktop":{"background-color":"var(--ast-global-color-5)","background-image":"","background-repeat":"repeat","background-position":"center center","background-size":"auto","background-attachment":"scroll","background-type":"","background-media":"","overlay-type":"","overlay-color":"","overlay-opacity":"","overlay-gradient":""},"tablet":{"background-color":"var(--ast-global-color-5)","background-image":"","background-repeat":"repeat","background-position":"center center","background-size":"auto","background-attachment":"scroll","background-type":"","background-media":"","overlay-type":"","overlay-color":"","overlay-opacity":"","overlay-gradient":""},"mobile":{"background-color":"var(--ast-global-color-5)","background-image":"","background-repeat":"repeat","background-position":"center center","background-size":"auto","background-attachment":"scroll","background-type":"","background-media":"","overlay-type":"","overlay-color":"","overlay-opacity":"","overlay-gradient":""}},"ngg_post_thumbnail":0,"footnotes":""},"categories":[4],"tags":[],"class_list":["post-777","post","type-post","status-publish","format-standard","hentry","category-eventos"],"_links":{"self":[{"href":"https:\/\/www2.unifap.br\/ead2\/wp-json\/wp\/v2\/posts\/777","targetHints":{"allow":["GET"]}}],"collection":[{"href":"https:\/\/www2.unifap.br\/ead2\/wp-json\/wp\/v2\/posts"}],"about":[{"href":"https:\/\/www2.unifap.br\/ead2\/wp-json\/wp\/v2\/types\/post"}],"author":[{"embeddable":true,"href":"https:\/\/www2.unifap.br\/ead2\/wp-json\/wp\/v2\/users\/97"}],"replies":[{"embeddable":true,"href":"https:\/\/www2.unifap.br\/ead2\/wp-json\/wp\/v2\/comments?post=777"}],"version-history":[{"count":0,"href":"https:\/\/www2.unifap.br\/ead2\/wp-json\/wp\/v2\/posts\/777\/revisions"}],"wp:attachment":[{"href":"https:\/\/www2.unifap.br\/ead2\/wp-json\/wp\/v2\/media?parent=777"}],"wp:term":[{"taxonomy":"category","embeddable":true,"href":"https:\/\/www2.unifap.br\/ead2\/wp-json\/wp\/v2\/categories?post=777"},{"taxonomy":"post_tag","embeddable":true,"href":"https:\/\/www2.unifap.br\/ead2\/wp-json\/wp\/v2\/tags?post=777"}],"curies":[{"name":"wp","href":"https:\/\/api.w.org\/{rel}","templated":true}]}}