{"id":856,"date":"2011-02-16T15:50:33","date_gmt":"2011-02-16T18:50:33","guid":{"rendered":"http:\/\/saojose.unifap.br\/ead\/?p=856"},"modified":"2011-02-16T15:50:33","modified_gmt":"2011-02-16T18:50:33","slug":"certificacao-curso-de-formacao-tutores-em-educacao-a-distancia","status":"publish","type":"post","link":"https:\/\/www2.unifap.br\/ead2\/2011\/02\/16\/certificacao-curso-de-formacao-tutores-em-educacao-a-distancia\/","title":{"rendered":"CERTIFICA\u00c7\u00c3O CURSO DE FORMA\u00c7\u00c3O TUTORES EM EDUCA\u00c7\u00c3O A DIST\u00c2NCIA"},"content":{"rendered":"<p><strong>CERTIFICA\u00c7\u00c3O CURSO DE FORMA\u00c7\u00c3O TUTORES EM EDUCA\u00c7\u00c3O A DIST\u00c2NCIA<\/strong><\/p>\n<p>O Departamento de Educa\u00e7\u00e3o a Dist\u00e2ncia e o  N\u00facleo Universidade Aberta do Brasil, convidam os professores-cursistas que  participaram do <strong>I Curso de Forma\u00e7\u00e3o  de Tutores em Educa\u00e7\u00e3o a Dist\u00e2ncia,<\/strong> a participar da solenidade  de\u00a0Certifica\u00e7\u00e3o do referido curso, a qual acontecer\u00e1 dia 23 de fevereiro, as  15h30, no Audit\u00f3rio da Reitoria da Universidade Federal do Amap\u00e1.<\/p>\n<p><!--more--><\/p>\n<p><strong>Confira a lista dos concluintes<\/strong><\/p>\n<table border=\"0\" cellspacing=\"0\" cellpadding=\"0\" width=\"220\">\n<tbody>\n<tr>\n<td width=\"220\">Alysson   Brabo Antero<\/td>\n<\/tr>\n<tr>\n<td width=\"220\">Ana   Val\u00e9ria G. P. da Silva<\/td>\n<\/tr>\n<tr>\n<td width=\"220\">\u00c2ngela   Aparecida Rangel<\/td>\n<\/tr>\n<tr>\n<td width=\"220\">Antonia   Alvino Arag\u00e3o Pantale\u00e3o<\/td>\n<\/tr>\n<tr>\n<td width=\"220\">Antonio   Carlos S. da S. Junior<\/td>\n<\/tr>\n<tr>\n<td width=\"220\">Benedita   do Socorro Matos Santos<\/td>\n<\/tr>\n<tr>\n<td width=\"220\">Bet\u00e2nia   Soares Batista<\/td>\n<\/tr>\n<tr>\n<td width=\"220\">Bruno   Marcelo Souza Costa<\/td>\n<\/tr>\n<tr>\n<td width=\"220\">Carla   Cristina Mafra Ribeiro<\/td>\n<\/tr>\n<tr>\n<td width=\"220\">Clebson   Santos Simpl\u00edcio<\/td>\n<\/tr>\n<tr>\n<td width=\"220\">Cleide   do Socorro Moraes de Azevedo<\/td>\n<\/tr>\n<tr>\n<td width=\"220\">Cristiane   da Costa Lobato<\/td>\n<\/tr>\n<tr>\n<td width=\"220\">Daldo da   Silva Lobo Monnya<\/td>\n<\/tr>\n<tr>\n<td width=\"220\">Deisiane   Lima Castro<\/td>\n<\/tr>\n<tr>\n<td width=\"220\">Dilciclei   Ferreira da Silva<\/td>\n<\/tr>\n<tr>\n<td width=\"220\">Edna   Maria de Almeida Oliveira<\/td>\n<\/tr>\n<tr>\n<td width=\"220\">Elem   Maria Silva Sousa<\/td>\n<\/tr>\n<tr>\n<td width=\"220\">Elice   Martins Nobre<\/td>\n<\/tr>\n<tr>\n<td width=\"220\">Elidon   Sousa Pantoja<\/td>\n<\/tr>\n<tr>\n<td width=\"220\">Elis\u00e2ngela   Ara\u00fajo dos Passos<\/td>\n<\/tr>\n<tr>\n<td width=\"220\">Elvis   Presley Nascimento Ribeiro<\/td>\n<\/tr>\n<tr>\n<td width=\"220\">Elza   Lopes de Oliveira<\/td>\n<\/tr>\n<tr>\n<td width=\"220\">Evandro   Bernadi<\/td>\n<\/tr>\n<tr>\n<td width=\"220\">F\u00e1bio   Eduardo Braga Coutinho<\/td>\n<\/tr>\n<tr>\n<td width=\"220\">Gerdeanna   Santos Silveira<\/td>\n<\/tr>\n<tr>\n<td width=\"220\">Heryka   Cruz Nogueira<\/td>\n<\/tr>\n<tr>\n<td width=\"220\">Inara   Furtado<\/td>\n<\/tr>\n<tr>\n<td width=\"220\">Iolanda   L. G. Bastos<\/td>\n<\/tr>\n<tr>\n<td width=\"220\">Ivone de   Souza Concei\u00e7\u00e3o<\/td>\n<\/tr>\n<tr>\n<td width=\"220\">Jainer   da Silva Benathar<\/td>\n<\/tr>\n<tr>\n<td width=\"220\">Jeanne   do Socorro B. Aguiar<\/td>\n<\/tr>\n<tr>\n<td width=\"220\">Jo\u00e3o   Antonio Gaia Furtado<\/td>\n<\/tr>\n<tr>\n<td width=\"220\">Josimar   da Silva Santos<\/td>\n<\/tr>\n<tr>\n<td width=\"220\">Klynger   Costa Amaral<\/td>\n<\/tr>\n<tr>\n<td width=\"220\">Lazaro   S. dos Santos<\/td>\n<\/tr>\n<tr>\n<td width=\"220\">L\u00e9a   Augusta Nery da Silva<\/td>\n<\/tr>\n<tr>\n<td width=\"220\">Lucila   Diniz Malcher<\/td>\n<\/tr>\n<tr>\n<td width=\"220\">Luiz   Hamilton R. Silva<\/td>\n<\/tr>\n<tr>\n<td width=\"220\">Mara   Cirlene Uch\u00f4a da Luz<\/td>\n<\/tr>\n<tr>\n<td width=\"220\">M\u00e1rcia   de F\u00e1tima C. Costa<\/td>\n<\/tr>\n<tr>\n<td width=\"220\">Marcos   Mendes<\/td>\n<\/tr>\n<tr>\n<td width=\"220\">Margareth   dos Santos Nunes<\/td>\n<\/tr>\n<tr>\n<td width=\"220\">Maria   Bernadete de S. Menezes<\/td>\n<\/tr>\n<tr>\n<td width=\"220\">Maria da   Gra\u00e7a R. Furtado Salgado<\/td>\n<\/tr>\n<tr>\n<td width=\"220\">Maria   Jos\u00e9 Fonseca da Silva<\/td>\n<\/tr>\n<tr>\n<td width=\"220\">Maria   Tereza Q. dos Santos<\/td>\n<\/tr>\n<tr>\n<td width=\"220\">Maria   Veramoni Ara\u00fajo<\/td>\n<\/tr>\n<tr>\n<td width=\"220\">Marinete   Anselmo A. Guerra<\/td>\n<\/tr>\n<tr>\n<td width=\"220\">Marivaldo   Barbosa de Matos<\/td>\n<\/tr>\n<tr>\n<td width=\"220\">M\u00e9rcia   Ferreira de Sousa<\/td>\n<\/tr>\n<tr>\n<td width=\"220\">Milena   da Silva Mendes<\/td>\n<\/tr>\n<tr>\n<td width=\"220\">Monnya   Karollyne da Silva Martinez<\/td>\n<\/tr>\n<tr>\n<td width=\"220\">Mozart   Gustavo F. Freire<\/td>\n<\/tr>\n<tr>\n<td width=\"220\">Nivea M.   Loureiro de Almeida<\/td>\n<\/tr>\n<tr>\n<td width=\"220\">Ocilene   Monteiro Cantidio<\/td>\n<\/tr>\n<tr>\n<td width=\"220\">Olavo   Fagundes da Silva<\/td>\n<\/tr>\n<tr>\n<td width=\"220\">Patr\u00edcia   Soares Batista<\/td>\n<\/tr>\n<tr>\n<td width=\"220\">Paulo   Jorge Cunha da Silva<\/td>\n<\/tr>\n<tr>\n<td width=\"220\">Raimunda   Kelly S. Gomes<\/td>\n<\/tr>\n<tr>\n<td width=\"220\">Raira   dos Santos Pontes Aood<\/td>\n<\/tr>\n<tr>\n<td width=\"220\">Ranira   dos Santos Pontes<\/td>\n<\/tr>\n<tr>\n<td width=\"220\">Ronaldo   Soares Nogueira<\/td>\n<\/tr>\n<tr>\n<td width=\"220\">Ronne   Franklin Carvalho Dias<\/td>\n<\/tr>\n<tr>\n<td width=\"220\">Rosa   Am\u00e9lia N. da Silva Mendes<\/td>\n<\/tr>\n<tr>\n<td width=\"220\">Rosana   do Socorro da Cruz Pacheco<\/td>\n<\/tr>\n<tr>\n<td width=\"220\">Rosilma   Lobato Pinheiro<\/td>\n<\/tr>\n<tr>\n<td width=\"220\">Sandra   Eliza P. Souza<\/td>\n<\/tr>\n<tr>\n<td width=\"220\">Sandra   Maria Martins<\/td>\n<\/tr>\n<tr>\n<td width=\"220\">Sergio   Ricardo da S. Guerra<\/td>\n<\/tr>\n<tr>\n<td width=\"220\">Shirly   Silva Santos<\/td>\n<\/tr>\n<tr>\n<td width=\"220\">Silvana   V. Coelho<\/td>\n<\/tr>\n<tr>\n<td width=\"220\">Silvia   Gomes Correia<\/td>\n<\/tr>\n<tr>\n<td width=\"220\">Simone   de C\u00e1ssia Ribeiro<\/td>\n<\/tr>\n<tr>\n<td width=\"220\">Tatiana   Gemaque Resende<\/td>\n<\/tr>\n<tr>\n<td width=\"220\">Tereza   Virginia Am\u00e9rico da Cruz<\/td>\n<\/tr>\n<tr>\n<td width=\"220\">Val\u00e9ria   R\u00fabia Barreto Nunes<\/td>\n<\/tr>\n<tr>\n<td width=\"220\">Vanessa   Liane Ayres da Silva<\/td>\n<\/tr>\n<tr>\n<td width=\"220\">Vera   L\u00facia Rocha de Oliveira<\/td>\n<\/tr>\n<tr>\n<td width=\"220\">Vilma   Suely Duarte de Moraes<\/td>\n<\/tr>\n<tr>\n<td width=\"220\">Zacarias   Alves de Ara\u00fajo<\/td>\n<\/tr>\n<\/tbody>\n<\/table>\n","protected":false},"excerpt":{"rendered":"<p>CERTIFICA\u00c7\u00c3O CURSO DE FORMA\u00c7\u00c3O TUTORES EM EDUCA\u00c7\u00c3O A DIST\u00c2NCIA O Departamento de Educa\u00e7\u00e3o a Dist\u00e2ncia e o N\u00facleo Universidade Aberta do Brasil, convidam os professores-cursistas que participaram do I Curso de Forma\u00e7\u00e3o de Tutores em Educa\u00e7\u00e3o a Dist\u00e2ncia, a participar da solenidade de\u00a0Certifica\u00e7\u00e3o do referido curso, a qual acontecer\u00e1 dia 23 de fevereiro, as 15h30,&#8230;<\/p>\n","protected":false},"author":1,"featured_media":0,"comment_status":"closed","ping_status":"closed","sticky":false,"template":"","format":"standard","meta":{"inline_featured_image":false,"site-sidebar-layout":"default","site-content-layout":"","ast-site-content-layout":"default","site-content-style":"default","site-sidebar-style":"default","ast-global-header-display":"","ast-banner-title-visibility":"","ast-main-header-display":"","ast-hfb-above-header-display":"","ast-hfb-below-header-display":"","ast-hfb-mobile-header-display":"","site-post-title":"","ast-breadcrumbs-content":"","ast-featured-img":"","footer-sml-layout":"","theme-transparent-header-meta":"","adv-header-id-meta":"","stick-header-meta":"","header-above-stick-meta":"","header-main-stick-meta":"","header-below-stick-meta":"","astra-migrate-meta-layouts":"default","ast-page-background-enabled":"default","ast-page-background-meta":{"desktop":{"background-color":"var(--ast-global-color-4)","background-image":"","background-repeat":"repeat","background-position":"center center","background-size":"auto","background-attachment":"scroll","background-type":"","background-media":"","overlay-type":"","overlay-color":"","overlay-opacity":"","overlay-gradient":""},"tablet":{"background-color":"","background-image":"","background-repeat":"repeat","background-position":"center center","background-size":"auto","background-attachment":"scroll","background-type":"","background-media":"","overlay-type":"","overlay-color":"","overlay-opacity":"","overlay-gradient":""},"mobile":{"background-color":"","background-image":"","background-repeat":"repeat","background-position":"center center","background-size":"auto","background-attachment":"scroll","background-type":"","background-media":"","overlay-type":"","overlay-color":"","overlay-opacity":"","overlay-gradient":""}},"ast-content-background-meta":{"desktop":{"background-color":"var(--ast-global-color-5)","background-image":"","background-repeat":"repeat","background-position":"center center","background-size":"auto","background-attachment":"scroll","background-type":"","background-media":"","overlay-type":"","overlay-color":"","overlay-opacity":"","overlay-gradient":""},"tablet":{"background-color":"var(--ast-global-color-5)","background-image":"","background-repeat":"repeat","background-position":"center center","background-size":"auto","background-attachment":"scroll","background-type":"","background-media":"","overlay-type":"","overlay-color":"","overlay-opacity":"","overlay-gradient":""},"mobile":{"background-color":"var(--ast-global-color-5)","background-image":"","background-repeat":"repeat","background-position":"center center","background-size":"auto","background-attachment":"scroll","background-type":"","background-media":"","overlay-type":"","overlay-color":"","overlay-opacity":"","overlay-gradient":""}},"ngg_post_thumbnail":0,"footnotes":""},"categories":[4,5],"tags":[],"class_list":["post-856","post","type-post","status-publish","format-standard","hentry","category-eventos","category-noticias"],"_links":{"self":[{"href":"https:\/\/www2.unifap.br\/ead2\/wp-json\/wp\/v2\/posts\/856","targetHints":{"allow":["GET"]}}],"collection":[{"href":"https:\/\/www2.unifap.br\/ead2\/wp-json\/wp\/v2\/posts"}],"about":[{"href":"https:\/\/www2.unifap.br\/ead2\/wp-json\/wp\/v2\/types\/post"}],"author":[{"embeddable":true,"href":"https:\/\/www2.unifap.br\/ead2\/wp-json\/wp\/v2\/users\/1"}],"replies":[{"embeddable":true,"href":"https:\/\/www2.unifap.br\/ead2\/wp-json\/wp\/v2\/comments?post=856"}],"version-history":[{"count":0,"href":"https:\/\/www2.unifap.br\/ead2\/wp-json\/wp\/v2\/posts\/856\/revisions"}],"wp:attachment":[{"href":"https:\/\/www2.unifap.br\/ead2\/wp-json\/wp\/v2\/media?parent=856"}],"wp:term":[{"taxonomy":"category","embeddable":true,"href":"https:\/\/www2.unifap.br\/ead2\/wp-json\/wp\/v2\/categories?post=856"},{"taxonomy":"post_tag","embeddable":true,"href":"https:\/\/www2.unifap.br\/ead2\/wp-json\/wp\/v2\/tags?post=856"}],"curies":[{"name":"wp","href":"https:\/\/api.w.org\/{rel}","templated":true}]}}