{"id":897,"date":"2011-03-01T13:09:32","date_gmt":"2011-03-01T16:09:32","guid":{"rendered":"http:\/\/saojose.unifap.br\/ead\/?p=897"},"modified":"2011-03-01T13:09:32","modified_gmt":"2011-03-01T16:09:32","slug":"certificacao-da-1%c2%aa-turma-de-formacao-de-tutores-em-eadunifap","status":"publish","type":"post","link":"https:\/\/www2.unifap.br\/ead2\/2011\/03\/01\/certificacao-da-1%c2%aa-turma-de-formacao-de-tutores-em-eadunifap\/","title":{"rendered":"Certifica\u00e7\u00e3o da 1\u00aa Turma de Forma\u00e7\u00e3o de Tutores em EAD\/UNIFAP"},"content":{"rendered":"<p style=\"text-align: justify\"><span style=\"color: #000000\"><strong>O Departamento de Educa\u00e7\u00e3o a Dist\u00e2ncia e o N\u00facleo Universidade Aberta do Brasil \u2013 UA<\/strong>B, realizaram no \u00faltimo dia 23 de fevereiro, a solenidade de certifica\u00e7\u00e3o da 1\u00aa Turma de Tutores em Educa\u00e7\u00e3o a Dist\u00e2ncia da UNIFAP\/SECAD, no Audit\u00f3rio da Reitoria.<\/span><\/p>\n<p style=\"text-align: justify\"><span style=\"color: #000000\"><!--more--><\/span><\/p>\n<p style=\"text-align: justify\"><span style=\"color: #000000\">Na oportunidade foram certificados 85 (oitenta e cinco) tutores. Presentes a solenidade as seguintes autoridades acad\u00eamicas: Vice-reitor Dr. Antonio Sergio Monteiro Filocre\u00e3o, Prof.Dr. Aldenor Benjamim dos Santos Diretor da Coordenadoria de Ensino de Gradua\u00e7\u00e3o, a Diretora do Departamento de Educa\u00e7\u00e3o a Dist\u00e2ncia Profa. Dr\u00aa. Elda Gomes Ara\u00fajo, os coordenadores de Polo Prof. Raimundo Coelho Vasques Polo Santana, Profa. Lucila de Nazar\u00e9 Rodrigues Moraes Polo Equador, Profa. Natalina do Ros\u00e1rio dos Santos Ribeiro e as coordenadoras de Cursos Maria Virg\u00ednia Filgueiras de Assis Mello do curso Educa\u00e7\u00e3o Integral e Integrada, Professora Monnya, Profa Monnya Karolline da Silva Martinez do curso de Educa\u00e7\u00e3o Ambiental, Profa N\u00fabia Simone Sardinha Duarte do curso G\u00eanero e Diversidade na Escola, Tutores, alunos e demais membros desta sociedade.<\/span><\/p>\n<p style=\"text-align: justify\"><span style=\"color: #000000\"><strong>Veja fotografias da solenidade.<\/strong><br \/>\nngg_shortcode_0_placeholder<\/span><\/p>\n","protected":false},"excerpt":{"rendered":"<p>O Departamento de Educa\u00e7\u00e3o a Dist\u00e2ncia e o N\u00facleo Universidade Aberta do Brasil \u2013 UAB, realizaram no \u00faltimo dia 23 de fevereiro, a solenidade de certifica\u00e7\u00e3o da 1\u00aa Turma de Tutores em Educa\u00e7\u00e3o a Dist\u00e2ncia da UNIFAP\/SECAD, no Audit\u00f3rio da Reitoria.<\/p>\n","protected":false},"author":1,"featured_media":0,"comment_status":"closed","ping_status":"closed","sticky":false,"template":"","format":"standard","meta":{"inline_featured_image":false,"site-sidebar-layout":"default","site-content-layout":"","ast-site-content-layout":"default","site-content-style":"default","site-sidebar-style":"default","ast-global-header-display":"","ast-banner-title-visibility":"","ast-main-header-display":"","ast-hfb-above-header-display":"","ast-hfb-below-header-display":"","ast-hfb-mobile-header-display":"","site-post-title":"","ast-breadcrumbs-content":"","ast-featured-img":"","footer-sml-layout":"","theme-transparent-header-meta":"","adv-header-id-meta":"","stick-header-meta":"","header-above-stick-meta":"","header-main-stick-meta":"","header-below-stick-meta":"","astra-migrate-meta-layouts":"default","ast-page-background-enabled":"default","ast-page-background-meta":{"desktop":{"background-color":"var(--ast-global-color-4)","background-image":"","background-repeat":"repeat","background-position":"center center","background-size":"auto","background-attachment":"scroll","background-type":"","background-media":"","overlay-type":"","overlay-color":"","overlay-opacity":"","overlay-gradient":""},"tablet":{"background-color":"","background-image":"","background-repeat":"repeat","background-position":"center center","background-size":"auto","background-attachment":"scroll","background-type":"","background-media":"","overlay-type":"","overlay-color":"","overlay-opacity":"","overlay-gradient":""},"mobile":{"background-color":"","background-image":"","background-repeat":"repeat","background-position":"center center","background-size":"auto","background-attachment":"scroll","background-type":"","background-media":"","overlay-type":"","overlay-color":"","overlay-opacity":"","overlay-gradient":""}},"ast-content-background-meta":{"desktop":{"background-color":"var(--ast-global-color-5)","background-image":"","background-repeat":"repeat","background-position":"center center","background-size":"auto","background-attachment":"scroll","background-type":"","background-media":"","overlay-type":"","overlay-color":"","overlay-opacity":"","overlay-gradient":""},"tablet":{"background-color":"var(--ast-global-color-5)","background-image":"","background-repeat":"repeat","background-position":"center center","background-size":"auto","background-attachment":"scroll","background-type":"","background-media":"","overlay-type":"","overlay-color":"","overlay-opacity":"","overlay-gradient":""},"mobile":{"background-color":"var(--ast-global-color-5)","background-image":"","background-repeat":"repeat","background-position":"center center","background-size":"auto","background-attachment":"scroll","background-type":"","background-media":"","overlay-type":"","overlay-color":"","overlay-opacity":"","overlay-gradient":""}},"ngg_post_thumbnail":0,"footnotes":""},"categories":[4,5],"tags":[],"class_list":["post-897","post","type-post","status-publish","format-standard","hentry","category-eventos","category-noticias"],"_links":{"self":[{"href":"https:\/\/www2.unifap.br\/ead2\/wp-json\/wp\/v2\/posts\/897","targetHints":{"allow":["GET"]}}],"collection":[{"href":"https:\/\/www2.unifap.br\/ead2\/wp-json\/wp\/v2\/posts"}],"about":[{"href":"https:\/\/www2.unifap.br\/ead2\/wp-json\/wp\/v2\/types\/post"}],"author":[{"embeddable":true,"href":"https:\/\/www2.unifap.br\/ead2\/wp-json\/wp\/v2\/users\/1"}],"replies":[{"embeddable":true,"href":"https:\/\/www2.unifap.br\/ead2\/wp-json\/wp\/v2\/comments?post=897"}],"version-history":[{"count":0,"href":"https:\/\/www2.unifap.br\/ead2\/wp-json\/wp\/v2\/posts\/897\/revisions"}],"wp:attachment":[{"href":"https:\/\/www2.unifap.br\/ead2\/wp-json\/wp\/v2\/media?parent=897"}],"wp:term":[{"taxonomy":"category","embeddable":true,"href":"https:\/\/www2.unifap.br\/ead2\/wp-json\/wp\/v2\/categories?post=897"},{"taxonomy":"post_tag","embeddable":true,"href":"https:\/\/www2.unifap.br\/ead2\/wp-json\/wp\/v2\/tags?post=897"}],"curies":[{"name":"wp","href":"https:\/\/api.w.org\/{rel}","templated":true}]}}