{"id":950,"date":"2011-03-22T13:08:27","date_gmt":"2011-03-22T16:08:27","guid":{"rendered":"http:\/\/saojose.unifap.br\/ead\/?p=950"},"modified":"2011-03-22T13:08:27","modified_gmt":"2011-03-22T16:08:27","slug":"implantado-o-forum-estadual-de-apoio-docente","status":"publish","type":"post","link":"https:\/\/www2.unifap.br\/ead2\/2011\/03\/22\/implantado-o-forum-estadual-de-apoio-docente\/","title":{"rendered":"Implantado o F\u00f3rum Estadual de Apoio Docente"},"content":{"rendered":"<p>Realizada na tarde do dia 21 de mar\u00e7o, no audit\u00f3rio da secretaria de Educa\u00e7\u00e3o do estado do Amap\u00e1, a 1\u00aa reuni\u00e3o do F\u00f3rum Estadual de Apoio Docente. O F\u00f3rum em como finalidade organizar, em regime de colabora\u00e7\u00e3o entre a Uni\u00e3o, Estado e munic\u00edpios, a forma\u00e7\u00e3o inicial e continuada dos profissionais do magist\u00e9rio para as redes p\u00fablicas de educa\u00e7\u00e3o b\u00e1sica.<br \/>\n<!--more--><\/p>\n<p>A presid\u00eancia do F\u00f3rum ser\u00e1 exercida pela Secretaria de Educa\u00e7\u00e3o do Estado do Amap\u00e1, professora Miriam Correa e de representantes das IPES (UNIFAP e UEAP), UNIDIME,\u00a0 UCME, Conselho de educa\u00e7\u00e3o entre outras Institui\u00e7\u00f5es.<\/p>\n<p>Participaram da reuni\u00e3o de Instala\u00e7\u00e3o do F\u00f3rum todos os segmentos que comp\u00f5em o F\u00f3rum, e tamb\u00e9m alguns convidados, como a profa. Dra. Izabel Pessoa, a qual veio a Macap\u00e1 para apresentar e esclarecer todas as quest\u00f5es relacionadas ao PARFOR.<\/p>\n<p><strong>Veja as fotografias da 1\u00aa reuni\u00e3o do Conselho.<br \/>\n<\/strong><br \/>\nngg_shortcode_0_placeholder<\/p>\n","protected":false},"excerpt":{"rendered":"<p>Realizada na tarde do dia 21 de mar\u00e7o, no audit\u00f3rio da secretaria de Educa\u00e7\u00e3o do estado do Amap\u00e1, a 1\u00aa reuni\u00e3o do F\u00f3rum Estadual de Apoio Docente. O F\u00f3rum em como finalidade organizar, em regime de colabora\u00e7\u00e3o entre a Uni\u00e3o, Estado e munic\u00edpios, a forma\u00e7\u00e3o inicial e continuada dos profissionais do magist\u00e9rio para as redes&#8230;<\/p>\n","protected":false},"author":1,"featured_media":0,"comment_status":"closed","ping_status":"closed","sticky":false,"template":"","format":"standard","meta":{"inline_featured_image":false,"site-sidebar-layout":"default","site-content-layout":"","ast-site-content-layout":"default","site-content-style":"default","site-sidebar-style":"default","ast-global-header-display":"","ast-banner-title-visibility":"","ast-main-header-display":"","ast-hfb-above-header-display":"","ast-hfb-below-header-display":"","ast-hfb-mobile-header-display":"","site-post-title":"","ast-breadcrumbs-content":"","ast-featured-img":"","footer-sml-layout":"","theme-transparent-header-meta":"","adv-header-id-meta":"","stick-header-meta":"","header-above-stick-meta":"","header-main-stick-meta":"","header-below-stick-meta":"","astra-migrate-meta-layouts":"default","ast-page-background-enabled":"default","ast-page-background-meta":{"desktop":{"background-color":"var(--ast-global-color-4)","background-image":"","background-repeat":"repeat","background-position":"center center","background-size":"auto","background-attachment":"scroll","background-type":"","background-media":"","overlay-type":"","overlay-color":"","overlay-opacity":"","overlay-gradient":""},"tablet":{"background-color":"","background-image":"","background-repeat":"repeat","background-position":"center center","background-size":"auto","background-attachment":"scroll","background-type":"","background-media":"","overlay-type":"","overlay-color":"","overlay-opacity":"","overlay-gradient":""},"mobile":{"background-color":"","background-image":"","background-repeat":"repeat","background-position":"center center","background-size":"auto","background-attachment":"scroll","background-type":"","background-media":"","overlay-type":"","overlay-color":"","overlay-opacity":"","overlay-gradient":""}},"ast-content-background-meta":{"desktop":{"background-color":"var(--ast-global-color-5)","background-image":"","background-repeat":"repeat","background-position":"center center","background-size":"auto","background-attachment":"scroll","background-type":"","background-media":"","overlay-type":"","overlay-color":"","overlay-opacity":"","overlay-gradient":""},"tablet":{"background-color":"var(--ast-global-color-5)","background-image":"","background-repeat":"repeat","background-position":"center center","background-size":"auto","background-attachment":"scroll","background-type":"","background-media":"","overlay-type":"","overlay-color":"","overlay-opacity":"","overlay-gradient":""},"mobile":{"background-color":"var(--ast-global-color-5)","background-image":"","background-repeat":"repeat","background-position":"center center","background-size":"auto","background-attachment":"scroll","background-type":"","background-media":"","overlay-type":"","overlay-color":"","overlay-opacity":"","overlay-gradient":""}},"ngg_post_thumbnail":0,"footnotes":""},"categories":[4,5],"tags":[],"class_list":["post-950","post","type-post","status-publish","format-standard","hentry","category-eventos","category-noticias"],"_links":{"self":[{"href":"https:\/\/www2.unifap.br\/ead2\/wp-json\/wp\/v2\/posts\/950","targetHints":{"allow":["GET"]}}],"collection":[{"href":"https:\/\/www2.unifap.br\/ead2\/wp-json\/wp\/v2\/posts"}],"about":[{"href":"https:\/\/www2.unifap.br\/ead2\/wp-json\/wp\/v2\/types\/post"}],"author":[{"embeddable":true,"href":"https:\/\/www2.unifap.br\/ead2\/wp-json\/wp\/v2\/users\/1"}],"replies":[{"embeddable":true,"href":"https:\/\/www2.unifap.br\/ead2\/wp-json\/wp\/v2\/comments?post=950"}],"version-history":[{"count":0,"href":"https:\/\/www2.unifap.br\/ead2\/wp-json\/wp\/v2\/posts\/950\/revisions"}],"wp:attachment":[{"href":"https:\/\/www2.unifap.br\/ead2\/wp-json\/wp\/v2\/media?parent=950"}],"wp:term":[{"taxonomy":"category","embeddable":true,"href":"https:\/\/www2.unifap.br\/ead2\/wp-json\/wp\/v2\/categories?post=950"},{"taxonomy":"post_tag","embeddable":true,"href":"https:\/\/www2.unifap.br\/ead2\/wp-json\/wp\/v2\/tags?post=950"}],"curies":[{"name":"wp","href":"https:\/\/api.w.org\/{rel}","templated":true}]}}