{"id":225,"date":"2013-06-06T18:30:21","date_gmt":"2013-06-06T18:30:21","guid":{"rendered":"http:\/\/www2.unifap.br\/estagio\/?p=225"},"modified":"2013-06-06T22:28:07","modified_gmt":"2013-06-06T22:28:07","slug":"estao-abertas-as-inscricoes-para-estagio-no-mpt","status":"publish","type":"post","link":"https:\/\/www2.unifap.br\/estagio\/2013\/06\/06\/estao-abertas-as-inscricoes-para-estagio-no-mpt\/","title":{"rendered":"Inscri\u00e7\u00f5es encerradas para est\u00e1gio no MPT"},"content":{"rendered":"<h1 style=\"text-align: center\"><strong>Minist\u00e9rio P\u00fablico do Trabalho<\/strong><\/h1>\n<p>&nbsp;<\/p>\n<p>A Procuradoria do Trabalho no Municipio de Macap\u00e1; atrav\u00e9s seu &#8216;Coordenador subscrito, informa;<\/p>\n<p>Que est\u00e3o aberas as inscri\u00e7\u00f5es para o<em> <\/em>processo seletivo para forma\u00e7\u00e3o para forma\u00e7\u00e3o do quadro reserva de estagi\u00e1rio de nivgel Superior do curso de DIRETO.<\/p>\n<p>Per\u00edodo de Inscri\u00e7\u00f5es: 13 a 23\/05\/2013<\/p>\n<p>Remunera\u00e7\u00e3o: \u00a0R$ 800,00 + R$ 7,00\/dia<\/p>\n<p>N \u00ba de Vagas: Cadastro Reserva<\/p>\n<p>Data prova: 16\/06\/2013<\/p>\n<p>Local de Inscri\u00e7\u00f5es: \u00a0<a href=\"http:\/\/www.prt8.mpt.gov.br\/\" target=\"_blank\">http:\/\/www.prt8.mpt.gov.br<\/a><\/p>\n<p>&nbsp;<\/p>\n<p><strong>Arquivos<\/strong><\/p>\n<p>2013-05-14-<a href=\"http:\/\/www2.unifap.br\/estagio\/files\/2013\/05\/Estagio_MPT_20130514-jpg.jpg\" target=\"_blank\">Folder<\/a><\/p>\n<p>2013-05-14-<a href=\"http:\/\/www.prt8.mpt.gov.br\/arquivos\/arquivos\/documentos\/anexos\/edital_selecao_estagio_2013_sede_ptms.pdf\" target=\"_blank\">Edital_selecao_estagio_2013_sede_ptms.pdf<\/a><\/p>\n<p>2013-05-14-<a href=\"http:\/\/www.prt8.mpt.gov.br\/sistemas\/estagio\/\" target=\"_blank\">Formul\u00e1rio de Inscri\u00e7\u00f5es<\/a><\/p>\n<p>&nbsp;<\/p>\n<p>&nbsp;<\/p>\n","protected":false},"excerpt":{"rendered":"<p>Minist\u00e9rio P\u00fablico do Trabalho &nbsp; A Procuradoria do Trabalho no Municipio de Macap\u00e1; atrav\u00e9s seu &#8216;Coordenador subscrito, informa; Que est\u00e3o aberas as inscri\u00e7\u00f5es para o processo seletivo para forma\u00e7\u00e3o para forma\u00e7\u00e3o do quadro reserva de estagi\u00e1rio de nivgel Superior do&hellip; <\/p>\n<p><a href=\"https:\/\/www2.unifap.br\/estagio\/2013\/06\/06\/estao-abertas-as-inscricoes-para-estagio-no-mpt\/\" class=\"readmore-button\">Continue Reading<\/a><\/p>\n","protected":false},"author":117,"featured_media":226,"comment_status":"closed","ping_status":"closed","sticky":false,"template":"","format":"standard","meta":{"inline_featured_image":false,"ngg_post_thumbnail":0,"footnotes":""},"categories":[5,6],"tags":[],"class_list":["post-225","post","type-post","status-publish","format-standard","has-post-thumbnail","hentry","category-informes","category-vagas-de-estagio"],"_links":{"self":[{"href":"https:\/\/www2.unifap.br\/estagio\/wp-json\/wp\/v2\/posts\/225","targetHints":{"allow":["GET"]}}],"collection":[{"href":"https:\/\/www2.unifap.br\/estagio\/wp-json\/wp\/v2\/posts"}],"about":[{"href":"https:\/\/www2.unifap.br\/estagio\/wp-json\/wp\/v2\/types\/post"}],"author":[{"embeddable":true,"href":"https:\/\/www2.unifap.br\/estagio\/wp-json\/wp\/v2\/users\/117"}],"replies":[{"embeddable":true,"href":"https:\/\/www2.unifap.br\/estagio\/wp-json\/wp\/v2\/comments?post=225"}],"version-history":[{"count":11,"href":"https:\/\/www2.unifap.br\/estagio\/wp-json\/wp\/v2\/posts\/225\/revisions"}],"predecessor-version":[{"id":346,"href":"https:\/\/www2.unifap.br\/estagio\/wp-json\/wp\/v2\/posts\/225\/revisions\/346"}],"wp:featuredmedia":[{"embeddable":true,"href":"https:\/\/www2.unifap.br\/estagio\/wp-json\/wp\/v2\/media\/226"}],"wp:attachment":[{"href":"https:\/\/www2.unifap.br\/estagio\/wp-json\/wp\/v2\/media?parent=225"}],"wp:term":[{"taxonomy":"category","embeddable":true,"href":"https:\/\/www2.unifap.br\/estagio\/wp-json\/wp\/v2\/categories?post=225"},{"taxonomy":"post_tag","embeddable":true,"href":"https:\/\/www2.unifap.br\/estagio\/wp-json\/wp\/v2\/tags?post=225"}],"curies":[{"name":"wp","href":"https:\/\/api.w.org\/{rel}","templated":true}]}}