{"id":967,"date":"2016-04-04T20:19:43","date_gmt":"2016-04-04T20:19:43","guid":{"rendered":"http:\/\/www2.unifap.br\/estagio\/?p=967"},"modified":"2016-04-04T20:19:43","modified_gmt":"2016-04-04T20:19:43","slug":"vagas-de-estagio-no-inss","status":"publish","type":"post","link":"https:\/\/www2.unifap.br\/estagio\/2016\/04\/04\/vagas-de-estagio-no-inss\/","title":{"rendered":"Vagas de est\u00e1gio no INSS"},"content":{"rendered":"<p>As vagas s\u00e3o destinadas para N\u00edvel M\u00e9dio e Superior.<\/p>\n<p>As vagas de N\u00edvel Superior destinam-se aos seguintes cursos:<\/p>\n<p><b>&#8211; Administra\u00e7\u00e3o;<\/b><\/p>\n<p><b>&#8211; Secretariado Executivo;<\/b><\/p>\n<p><b>&#8211; Arquitetura*;<\/b><\/p>\n<p><b>&#8211; Direito*;<\/b><\/p>\n<p><b>&#8211; Servi\u00e7o Social*;<\/b><\/p>\n<p><b>&#8211; Comunica\u00e7\u00e3o Social*;<\/b><\/p>\n<p><b>&#8211; Ci\u00eancias Cont\u00e1beis;<\/b><\/p>\n<p><b>&#8211; Psicologia* e <\/b><\/p>\n<p><b>&#8211; Pedagogia <\/b><\/p>\n<p>(<em>* cadastro de reserva<\/em>)<\/p>\n<p>Poder\u00e3o se inscrever no processo seletivo, nos dias <b>18 a 22 de abril de 2016<\/b>, os alunos cadastrados junto ao CIEE (Centro de Integra\u00e7\u00e3o Empresa-Escola) que preencham os requisitos do item 2.1 do Edital.<\/p>\n<p><strong>A inscri\u00e7\u00e3o \u00e9 isenta de taxa<\/strong><\/p>\n<p><span style=\"text-decoration: underline\">Per\u00edodo de Sele\u00e7\u00e3o<\/span>: <b>25 a 26 de abril de 2015<\/b><\/p>\n<p>Veja o Edital Completo aqui:\u00a0<a href=\"http:\/\/www2.unifap.br\/estagio\/files\/2016\/04\/EDITAL-01-DE-2016-ESTAGIARIOS-MEDIO-E-SUPERIOR-2.doc\">EDITAL &#8211; INSS<\/a><\/p>\n<p>&nbsp;<\/p>\n<p>&nbsp;<\/p>\n<p style=\"text-align: center\">&#8230;<\/p>\n<p>&nbsp;<\/p>\n<p>&nbsp;<\/p>\n<p>&nbsp;<\/p>\n","protected":false},"excerpt":{"rendered":"<p>As vagas s\u00e3o destinadas para N\u00edvel M\u00e9dio e Superior. As vagas de N\u00edvel Superior destinam-se aos seguintes cursos: &#8211; Administra\u00e7\u00e3o; &#8211; Secretariado Executivo; &#8211; Arquitetura*; &#8211; Direito*; &#8211; Servi\u00e7o Social*; &#8211; Comunica\u00e7\u00e3o Social*; &#8211; Ci\u00eancias Cont\u00e1beis; &#8211; Psicologia* e &#8211;&hellip; <\/p>\n<p><a href=\"https:\/\/www2.unifap.br\/estagio\/2016\/04\/04\/vagas-de-estagio-no-inss\/\" class=\"readmore-button\">Continue Reading<\/a><\/p>\n","protected":false},"author":258,"featured_media":0,"comment_status":"open","ping_status":"open","sticky":false,"template":"","format":"standard","meta":{"inline_featured_image":false,"ngg_post_thumbnail":0,"footnotes":""},"categories":[1],"tags":[],"class_list":["post-967","post","type-post","status-publish","format-standard","hentry","category-sem-categoria"],"_links":{"self":[{"href":"https:\/\/www2.unifap.br\/estagio\/wp-json\/wp\/v2\/posts\/967","targetHints":{"allow":["GET"]}}],"collection":[{"href":"https:\/\/www2.unifap.br\/estagio\/wp-json\/wp\/v2\/posts"}],"about":[{"href":"https:\/\/www2.unifap.br\/estagio\/wp-json\/wp\/v2\/types\/post"}],"author":[{"embeddable":true,"href":"https:\/\/www2.unifap.br\/estagio\/wp-json\/wp\/v2\/users\/258"}],"replies":[{"embeddable":true,"href":"https:\/\/www2.unifap.br\/estagio\/wp-json\/wp\/v2\/comments?post=967"}],"version-history":[{"count":1,"href":"https:\/\/www2.unifap.br\/estagio\/wp-json\/wp\/v2\/posts\/967\/revisions"}],"predecessor-version":[{"id":969,"href":"https:\/\/www2.unifap.br\/estagio\/wp-json\/wp\/v2\/posts\/967\/revisions\/969"}],"wp:attachment":[{"href":"https:\/\/www2.unifap.br\/estagio\/wp-json\/wp\/v2\/media?parent=967"}],"wp:term":[{"taxonomy":"category","embeddable":true,"href":"https:\/\/www2.unifap.br\/estagio\/wp-json\/wp\/v2\/categories?post=967"},{"taxonomy":"post_tag","embeddable":true,"href":"https:\/\/www2.unifap.br\/estagio\/wp-json\/wp\/v2\/tags?post=967"}],"curies":[{"name":"wp","href":"https:\/\/api.w.org\/{rel}","templated":true}]}}