{"id":2264,"date":"2020-08-24T16:49:55","date_gmt":"2020-08-24T16:49:55","guid":{"rendered":"http:\/\/www2.unifap.br\/geografia\/?p=2264"},"modified":"2021-09-19T18:08:59","modified_gmt":"2021-09-19T18:08:59","slug":"canal-do-youtube-do-cageo","status":"publish","type":"post","link":"https:\/\/www2.unifap.br\/geografia\/2020\/08\/24\/canal-do-youtube-do-cageo\/","title":{"rendered":"Canal do Youtube do CAGEO"},"content":{"rendered":"<p style=\"text-align: center\"><a href=\"http:\/\/www2.unifap.br\/geografia\/files\/2020\/08\/WhatsApp-Image-2020-08-24-at-14.03.15.jpeg\"><img fetchpriority=\"high\" decoding=\"async\" class=\"aligncenter wp-image-2269 size-full\" src=\"http:\/\/www2.unifap.br\/geografia\/files\/2020\/08\/WhatsApp-Image-2020-08-24-at-14.03.15.jpeg\" alt=\"\" width=\"940\" height=\"788\" srcset=\"https:\/\/www2.unifap.br\/geografia\/files\/2020\/08\/WhatsApp-Image-2020-08-24-at-14.03.15.jpeg 940w, https:\/\/www2.unifap.br\/geografia\/files\/2020\/08\/WhatsApp-Image-2020-08-24-at-14.03.15-300x251.jpeg 300w, https:\/\/www2.unifap.br\/geografia\/files\/2020\/08\/WhatsApp-Image-2020-08-24-at-14.03.15-768x644.jpeg 768w\" sizes=\"(max-width: 940px) 100vw, 940px\" \/><\/a><\/p>\n<p>&nbsp;<\/p>\n<p>Com o in\u00edcio do Projeto \u201cCaf\u00e9 Geogr\u00e1fico\u201d, que se desenvolveu a partir do primeiro semestre de 2020, um <em>Remastering <\/em>do antigo projeto. Desta vez com uma abordagem <em>online<\/em> visando atingir o maior n\u00famero de acad\u00eamicos, a plataforma escolhida foi Facebook e nela foi utilizando o <em>software<\/em> <em>streamyard.<\/em> Visto a conjuntura atual se fez necess\u00e1rio uma atua\u00e7\u00e3o <em>online <\/em>do CAGEO.<\/p>\n<p>Neste contexto, surgiu uma oportunidade e a ideia de criar um canal no YouTube para o CAGEO, visto que outros Centros Acad\u00eamicos de Geografia de outras universidades j\u00e1 possu\u00edam seus canais e eram atuantes neles, ent\u00e3o em 25 de julho de 2020 foi criado o canal CAGEO UNIFAP, o primeiro canal relacionado a um centro acad\u00eamico de Geografia no Amap\u00e1.<\/p>\n<p>O principal intuito do canal CAGEO UNIFAP, \u00e9 dar mais um meio para que os acad\u00eamicos possam usufruir das horas em LIVES que o CAGEO j\u00e1 tinha proporcionado em rede, s\u00f3 que desta vez uma vers\u00e3o editada e com um pouco mais de qualidade, que ficar\u00e1 armazenada indefinidamente nos servidores do YouTube.<\/p>\n<p>O primeiro v\u00eddeo a ser editado foi uma pequena apresenta\u00e7\u00e3o do novo e repaginado projeto \u201cCaf\u00e9 Geogr\u00e1fico\u201d que contou com todos os coordenadores do CAGEO que na oportunidade, atrav\u00e9s de um debate com os acad\u00eamicos, atrav\u00e9s de intera\u00e7\u00f5es no chat, num esquema de perguntas e respostas, foi apresentado o projeto \u201cCaf\u00e9 Geogr\u00e1fico\u201d. O v\u00eddeo foi intitulado como: <a href=\"https:\/\/www.youtube.com\/watch?v=uf1u4cRoGAc\">APRESENTA\u00c7\u00c3O:::::CAF\u00c9 GEOGR\u00c1FICO<\/a><\/p>\n<p>No dia 26\/07\/2020 foi o dia que foi exportado a primeira palestra do \u201cCaf\u00e9 Geogr\u00e1fico\u201d, que contou com a participa\u00e7\u00e3o do Prof. Dr. Valter Avelar (UNIFAP) coordenador do grupo de pesquisa GPGEO\/PPGEO\/UNIFAP-AP e moderador da home Page <a href=\"https:\/\/valteravelar4geos.com\/\">Valter Avelar-GE\u00d3logo 4GEOs<\/a>. Voc\u00ea pode achar o WEBN\u00c1RIO como: <a href=\"https:\/\/www.youtube.com\/watch?v=q_YxxOFqdF4&amp;t=5177s\">CAF\u00c9 GEOGR\u00c1FICO| A GEODIVERSIDADE DO AMAP\u00c1: CEN\u00c1RIOS E PERSPECTIVAS<\/a>.<\/p>\n<p>Sucedendo, pudemos contar com a participa\u00e7\u00e3o do Prf. Msc. Jonas Pastana (UNIFAP), o seu webn\u00e1rio tratou da crise atual e alternativas para o desenvolvimento local. Voc\u00ea pode achar o WEBN\u00c1RIO como: <a href=\"https:\/\/www.youtube.com\/watch?v=Jp9tF03u-bg\">CAF\u00c9 GEOGR\u00c1FICO||| CRISE ATUAL E ALTERNATIVAS PARA O DESENVOLVIMENTO LOCAL<\/a><\/p>\n<p>E se sucedendo com o <a href=\"youtube.com\/watch?v=nUaQokG3q1I\">Desmonte das Filosofias e das ci\u00eancias humanas<\/a>, com os dois coordenadores do DFCH (Departamento de Filosofias e Ci\u00eancias Humanas) Prof. Dr. Marcos Vinicius Freitas (UNIFAP) e Prof. Dr. Genival Rocha (UNIFAP). Ap\u00f3s, <a href=\"https:\/\/www.youtube.com\/watch?v=ki69WOWiVIw\">o Panorama do Gerenciamento Costeiro no Amap\u00e1 e Abordagem Geogr\u00e1fica<\/a> com a media\u00e7\u00e3o de Danusa Machado acad\u00eamica da Geografia-UNIFAP e apresenta\u00e7\u00e3o do Prof. Dr. Orleno Marques do Instituto de Pesquisas Cient\u00edficas e Tecnol\u00f3gicas do Estado do Amap\u00e1 (IEPA). Teve a conversa sobre <a href=\"https:\/\/www.youtube.com\/watch?v=aON4HxdE5RM\">Os Rumos da Geografia Frente ao \u201cNovo Normal\u201d: Que Geografia Queremos no P\u00f3s-Pandemia<\/a> com o Prof. Msc. Jonas Pastana e Prof. Dr. Valter Avelar.<\/p>\n<p>E para finalizar o ciclo da agenda do primeiro semestre do \u201cCaf\u00e9 Geogr\u00e1fico\u201d semana que vem j\u00e1 estar\u00e1 em rede a apresenta\u00e7\u00e3o do Doutorando da UFRJ Armando Frota Filho, com media\u00e7\u00e3o de Vinicius Dias tamb\u00e9m acad\u00eamico da Geografia-UNIFAP. E com isso ser\u00e1 finalizado o ciclo do primeiro semestre do ano de 2020 do \u201cCaf\u00e9 Geogr\u00e1fico\u201d.<\/p>\n<p>A partir da segunda semana de setembro, iniciaremos as postagens do segundo ciclo de palestras do \u201cCaf\u00e9 Geogr\u00e1fico\u201d que dar\u00e1 continuidade com as palestras: A Pandemia do Coronav\u00edrus (COVID-19) e as Comunidades Quilombolas no Amap\u00e1 com a Prof\u00aa. Dr\u00aa. Liliane Soares (UNIFAP) e Prof\u00aa Dr\u00aa F\u00e1tima dos Santos (IFAP), discutiu-se os Movimentos LGBTQI+ Insurgentes em Cidades Ribeirinhas na Amaz\u00f4nia com Hugo Coelho mestrando da UFPA.<\/p>\n<p>E ainda esperamos muito mais, o YouTube \u00e9 uma plataforma com in\u00fameras possibilidades, capaz de abrir in\u00fameras portas. Estamos vivendo o preludio de uma realidade totalmente digitalizada e temos que acompanhar, pois no futuro olharemos para traz e veremos a trajet\u00f3ria do CAGEO.<\/p>\n<p>O objetivo com o canal no YouTube do CAGEO \u00e9 fazer um arranjo, do que for poss\u00edvel das atividades online, no que diz a respeito o Centro acad\u00eamico de geografia e os acad\u00eamicos do colegiado. Como uma forma de documentar as a\u00e7\u00f5es de tudo o que diz a respeito a Geografia UNIFAP e claro manter as postagens peri\u00f3dicas dos \u201cCaf\u00e9s Geogr\u00e1ficos\u201d.<\/p>\n<p>A atual Gest\u00e3o do Centro Acad\u00eamico v\u00ea o projeto como um modo de ensino e debate sobre a ci\u00eancia geogr\u00e1fica e, num momento fr\u00e1gil como este, ref\u00fagio dos tantos problemas do momento em que passamos como estudantes de Geografia.<\/p>\n<p><em>Inscreva-se no canal, compartilhe, d\u00ea um joinha e nos vemos na pr\u00f3xima. <\/em><\/p>\n<p>M\u00e1rcio kayorrare (Coordenador Pol\u00edtico do CAGEO)<\/p>\n","protected":false},"excerpt":{"rendered":"<p>&nbsp; Com o in\u00edcio do Projeto \u201cCaf\u00e9 Geogr\u00e1fico\u201d, que se desenvolveu a partir do primeiro semestre de 2020, um Remastering do antigo projeto. Desta vez com uma abordagem online visando atingir o maior n\u00famero de acad\u00eamicos, a plataforma escolhida foi&hellip; <\/p>\n<p><a href=\"https:\/\/www2.unifap.br\/geografia\/2020\/08\/24\/canal-do-youtube-do-cageo\/\" class=\"readmore-button\">Continue Reading<\/a><\/p>\n","protected":false},"author":71,"featured_media":0,"comment_status":"open","ping_status":"open","sticky":false,"template":"","format":"standard","meta":{"inline_featured_image":false,"ngg_post_thumbnail":0,"footnotes":""},"categories":[7],"tags":[],"class_list":["post-2264","post","type-post","status-publish","format-standard","hentry","category-informes"],"_links":{"self":[{"href":"https:\/\/www2.unifap.br\/geografia\/wp-json\/wp\/v2\/posts\/2264","targetHints":{"allow":["GET"]}}],"collection":[{"href":"https:\/\/www2.unifap.br\/geografia\/wp-json\/wp\/v2\/posts"}],"about":[{"href":"https:\/\/www2.unifap.br\/geografia\/wp-json\/wp\/v2\/types\/post"}],"author":[{"embeddable":true,"href":"https:\/\/www2.unifap.br\/geografia\/wp-json\/wp\/v2\/users\/71"}],"replies":[{"embeddable":true,"href":"https:\/\/www2.unifap.br\/geografia\/wp-json\/wp\/v2\/comments?post=2264"}],"version-history":[{"count":4,"href":"https:\/\/www2.unifap.br\/geografia\/wp-json\/wp\/v2\/posts\/2264\/revisions"}],"predecessor-version":[{"id":2413,"href":"https:\/\/www2.unifap.br\/geografia\/wp-json\/wp\/v2\/posts\/2264\/revisions\/2413"}],"wp:attachment":[{"href":"https:\/\/www2.unifap.br\/geografia\/wp-json\/wp\/v2\/media?parent=2264"}],"wp:term":[{"taxonomy":"category","embeddable":true,"href":"https:\/\/www2.unifap.br\/geografia\/wp-json\/wp\/v2\/categories?post=2264"},{"taxonomy":"post_tag","embeddable":true,"href":"https:\/\/www2.unifap.br\/geografia\/wp-json\/wp\/v2\/tags?post=2264"}],"curies":[{"name":"wp","href":"https:\/\/api.w.org\/{rel}","templated":true}]}}