{"id":2545,"date":"2022-08-05T17:56:16","date_gmt":"2022-08-05T17:56:16","guid":{"rendered":"https:\/\/www2.unifap.br\/geografia\/?p=2545"},"modified":"2022-08-05T17:56:16","modified_gmt":"2022-08-05T17:56:16","slug":"semana-dos-calouros-de-geografia-2022","status":"publish","type":"post","link":"https:\/\/www2.unifap.br\/geografia\/2022\/08\/05\/semana-dos-calouros-de-geografia-2022\/","title":{"rendered":"Semana dos Calouros de Geografia &#8211; 2022"},"content":{"rendered":"<div class=\"kvgmc6g5 cxmmr5t8 oygrvhab hcukyx3x c1et5uql ii04i59q\">\n<div dir=\"auto\">O CAGEO e COGEO UNIFAP, convida todo o colegiado de Geografia para participar da Semana dos Calouros 2022, que come\u00e7a a partir de hoje, 01 de agosto, segunda-feira, \u00e0s 14:00hs, presencialmente, no BLOCO E, com mesas de abertura com professores, t\u00e9cnicos, coordenadores e diretores.<\/div>\n<\/div>\n<div class=\"cxmmr5t8 oygrvhab hcukyx3x c1et5uql o9v6fnle ii04i59q\">\n<div dir=\"auto\">Durante a semana ter\u00e1 uma programa\u00e7\u00e3o com oficinas, mesas de conversas e tour pelas instala\u00e7\u00f5es da universidade e do cursos de Geografia. E para finalizar a semana, programa\u00e7\u00e3o com a Atl\u00e9tica Jur\u00e1ssica.<\/div>\n<\/div>\n<div class=\"cxmmr5t8 oygrvhab hcukyx3x c1et5uql o9v6fnle ii04i59q\">\n<div dir=\"auto\">A partir das 14:00hs. N\u00e3o percam.<\/div>\n<\/div>\n<div dir=\"auto\"><\/div>\n<div dir=\"auto\"><\/div>\n<div dir=\"auto\"><a href=\"http:\/\/www2.unifap.br\/geografia\/files\/2022\/08\/Semana-do-calouro.jpg\"><img fetchpriority=\"high\" decoding=\"async\" class=\"aligncenter size-full wp-image-2551\" src=\"http:\/\/www2.unifap.br\/geografia\/files\/2022\/08\/Semana-do-calouro.jpg\" alt=\"\" width=\"1440\" height=\"1440\" \/><\/a> <a href=\"http:\/\/www2.unifap.br\/geografia\/files\/2022\/08\/semana-do-calouro1.jpg\"><img decoding=\"async\" class=\"aligncenter size-full wp-image-2550\" src=\"http:\/\/www2.unifap.br\/geografia\/files\/2022\/08\/semana-do-calouro1.jpg\" alt=\"\" width=\"1440\" height=\"1440\" \/><\/a> <a href=\"http:\/\/www2.unifap.br\/geografia\/files\/2022\/08\/semana-do-calouro2.jpg\"><img decoding=\"async\" class=\"aligncenter size-full wp-image-2549\" src=\"http:\/\/www2.unifap.br\/geografia\/files\/2022\/08\/semana-do-calouro2.jpg\" alt=\"\" width=\"1440\" height=\"1440\" \/><\/a> <a href=\"http:\/\/www2.unifap.br\/geografia\/files\/2022\/08\/semana-do-calouro3.jpg\"><img loading=\"lazy\" decoding=\"async\" class=\"aligncenter size-full wp-image-2548\" src=\"http:\/\/www2.unifap.br\/geografia\/files\/2022\/08\/semana-do-calouro3.jpg\" alt=\"\" width=\"1440\" height=\"1440\" \/><\/a> <a href=\"http:\/\/www2.unifap.br\/geografia\/files\/2022\/08\/semana-do-calouro4.jpg\"><img loading=\"lazy\" decoding=\"async\" class=\"aligncenter size-full wp-image-2547\" src=\"http:\/\/www2.unifap.br\/geografia\/files\/2022\/08\/semana-do-calouro4.jpg\" alt=\"\" width=\"1440\" height=\"1440\" \/><\/a> <a href=\"http:\/\/www2.unifap.br\/geografia\/files\/2022\/08\/semana-do-calouro5.jpg\"><img loading=\"lazy\" decoding=\"async\" class=\"aligncenter size-full wp-image-2546\" src=\"http:\/\/www2.unifap.br\/geografia\/files\/2022\/08\/semana-do-calouro5.jpg\" alt=\"\" width=\"1440\" height=\"1440\" \/><\/a><\/div>\n","protected":false},"excerpt":{"rendered":"<p>O CAGEO e COGEO UNIFAP, convida todo o colegiado de Geografia para participar da Semana dos Calouros 2022, que come\u00e7a a partir de hoje, 01 de agosto, segunda-feira, \u00e0s 14:00hs, presencialmente, no BLOCO E, com mesas de abertura com professores,&hellip; <\/p>\n<p><a href=\"https:\/\/www2.unifap.br\/geografia\/2022\/08\/05\/semana-dos-calouros-de-geografia-2022\/\" class=\"readmore-button\">Continue Reading<\/a><\/p>\n","protected":false},"author":71,"featured_media":0,"comment_status":"open","ping_status":"open","sticky":false,"template":"","format":"standard","meta":{"inline_featured_image":false,"ngg_post_thumbnail":0,"footnotes":""},"categories":[7],"tags":[],"class_list":["post-2545","post","type-post","status-publish","format-standard","hentry","category-informes"],"_links":{"self":[{"href":"https:\/\/www2.unifap.br\/geografia\/wp-json\/wp\/v2\/posts\/2545","targetHints":{"allow":["GET"]}}],"collection":[{"href":"https:\/\/www2.unifap.br\/geografia\/wp-json\/wp\/v2\/posts"}],"about":[{"href":"https:\/\/www2.unifap.br\/geografia\/wp-json\/wp\/v2\/types\/post"}],"author":[{"embeddable":true,"href":"https:\/\/www2.unifap.br\/geografia\/wp-json\/wp\/v2\/users\/71"}],"replies":[{"embeddable":true,"href":"https:\/\/www2.unifap.br\/geografia\/wp-json\/wp\/v2\/comments?post=2545"}],"version-history":[{"count":1,"href":"https:\/\/www2.unifap.br\/geografia\/wp-json\/wp\/v2\/posts\/2545\/revisions"}],"predecessor-version":[{"id":2552,"href":"https:\/\/www2.unifap.br\/geografia\/wp-json\/wp\/v2\/posts\/2545\/revisions\/2552"}],"wp:attachment":[{"href":"https:\/\/www2.unifap.br\/geografia\/wp-json\/wp\/v2\/media?parent=2545"}],"wp:term":[{"taxonomy":"category","embeddable":true,"href":"https:\/\/www2.unifap.br\/geografia\/wp-json\/wp\/v2\/categories?post=2545"},{"taxonomy":"post_tag","embeddable":true,"href":"https:\/\/www2.unifap.br\/geografia\/wp-json\/wp\/v2\/tags?post=2545"}],"curies":[{"name":"wp","href":"https:\/\/api.w.org\/{rel}","templated":true}]}}