{"id":1718,"date":"2021-06-27T15:59:33","date_gmt":"2021-06-27T15:59:33","guid":{"rendered":"http:\/\/www2.unifap.br\/historia-oiapoque\/?p=1718"},"modified":"2021-06-27T16:10:13","modified_gmt":"2021-06-27T16:10:13","slug":"egressa-do-curso-de-historia-e-aprovada-em-especializacao-da-unifap","status":"publish","type":"post","link":"https:\/\/www2.unifap.br\/historia-oiapoque\/2021\/06\/27\/egressa-do-curso-de-historia-e-aprovada-em-especializacao-da-unifap\/","title":{"rendered":"Egressa do curso de Hist\u00f3ria \u00e9 aprovada em Especializa\u00e7\u00e3o da UNIFAP."},"content":{"rendered":"<p>&nbsp;<\/p>\n<p><a href=\"http:\/\/www2.unifap.br\/historia-oiapoque\/files\/2021\/06\/g.jpg\"><img fetchpriority=\"high\" decoding=\"async\" class=\"size-medium wp-image-1719 alignleft\" src=\"http:\/\/www2.unifap.br\/historia-oiapoque\/files\/2021\/06\/g-194x300.jpg\" alt=\"\" width=\"194\" height=\"300\" srcset=\"https:\/\/www2.unifap.br\/historia-oiapoque\/files\/2021\/06\/g-194x300.jpg 194w, https:\/\/www2.unifap.br\/historia-oiapoque\/files\/2021\/06\/g.jpg 368w\" sizes=\"(max-width: 194px) 100vw, 194px\" \/><\/a><\/p>\n<p>O colegiado do curso de Licenciatura em Hist\u00f3ria do campus Binacional parabeniza <strong>ELINELMA DO SOCORRO LAURINDO DA CRUZ<\/strong>, egressa do curso (turma 2015), pela aprova\u00e7\u00e3o na Especializa\u00e7\u00e3o em Estudos Culturais e Pol\u00edticas P\u00fablicas da UNIFAP. Conforme consta no resultado final do processo seletivo para a turma 2021 da especializa\u00e7\u00e3o, Elinelma teve seu projeto de pesquisa aprovado com a nota 10 (dez). Intitulado \u201c<em>Do antigo Contestado \u00e0 atual contesta\u00e7\u00e3o: a vila Cunani e a perman\u00eancia dos conflitos pelo uso dos recursos naturais na fronteira franco-brasileira<\/em>\u201d, a pesquisa a ser desenvolvida por Elinelma \u00e9 fruto de seu TCC, orientado pela professora Doutora Ana Cristina Rocha Silva. Na proposta para a especializa\u00e7\u00e3o, o objetivo \u00e9 ampliar a discuss\u00e3o a respeito dos conflitos surgidos na vila Cunani, ap\u00f3s a institucionaliza\u00e7\u00e3o do Parque Nacional do Cabo Orange. Orgulhosos do resultado, os\/as professoras\/es deste colegiado externam a felicidade pela aprova\u00e7\u00e3o de Elinelma na especializa\u00e7\u00e3o citada e fazem votos de que, ap\u00f3s ela, a egressa siga adiante, no mestrado. Ao considerar-se sua dedica\u00e7\u00e3o e compet\u00eancia, sabemos que essa etapa n\u00e3o demorar\u00e1.<\/p>\n<p>&nbsp;<\/p>\n<p>Elinelma do Socorro Laurindo da Cruz, egressa do curso de Hist\u00f3ria (na imagem), turma 2015.<\/p>\n<ul>\n<li>Link para o acesso ao resultado final da especializa\u00e7\u00e3o em Estudos Culturais e Pol\u00edticas P\u00fablicas: <a href=\"https:\/\/www2.unifap.br\/poscult\/processo-seletivo\/\"><strong>https:\/\/www2.unifap.br\/poscult\/processo-seletivo\/<\/strong><\/a><\/li>\n<\/ul>\n<p>Texto: Profa. Dra. Ana Cristina Rocha.<\/p>\n","protected":false},"excerpt":{"rendered":"<p>&nbsp; O colegiado do curso de Licenciatura em Hist\u00f3ria do campus Binacional parabeniza ELINELMA DO SOCORRO LAURINDO DA CRUZ, egressa do curso (turma 2015), pela aprova\u00e7\u00e3o na Especializa\u00e7\u00e3o em Estudos Culturais e Pol\u00edticas P\u00fablicas da UNIFAP. Conforme consta no resultado&hellip; <\/p>\n<p><a href=\"https:\/\/www2.unifap.br\/historia-oiapoque\/2021\/06\/27\/egressa-do-curso-de-historia-e-aprovada-em-especializacao-da-unifap\/\" class=\"readmore-button\">Continue Reading<\/a><\/p>\n","protected":false},"author":819,"featured_media":0,"comment_status":"closed","ping_status":"closed","sticky":false,"template":"","format":"standard","meta":{"inline_featured_image":false,"ngg_post_thumbnail":0,"footnotes":""},"categories":[1],"tags":[],"class_list":["post-1718","post","type-post","status-publish","format-standard","hentry","category-institucional"],"_links":{"self":[{"href":"https:\/\/www2.unifap.br\/historia-oiapoque\/wp-json\/wp\/v2\/posts\/1718","targetHints":{"allow":["GET"]}}],"collection":[{"href":"https:\/\/www2.unifap.br\/historia-oiapoque\/wp-json\/wp\/v2\/posts"}],"about":[{"href":"https:\/\/www2.unifap.br\/historia-oiapoque\/wp-json\/wp\/v2\/types\/post"}],"author":[{"embeddable":true,"href":"https:\/\/www2.unifap.br\/historia-oiapoque\/wp-json\/wp\/v2\/users\/819"}],"replies":[{"embeddable":true,"href":"https:\/\/www2.unifap.br\/historia-oiapoque\/wp-json\/wp\/v2\/comments?post=1718"}],"version-history":[{"count":2,"href":"https:\/\/www2.unifap.br\/historia-oiapoque\/wp-json\/wp\/v2\/posts\/1718\/revisions"}],"predecessor-version":[{"id":1722,"href":"https:\/\/www2.unifap.br\/historia-oiapoque\/wp-json\/wp\/v2\/posts\/1718\/revisions\/1722"}],"wp:attachment":[{"href":"https:\/\/www2.unifap.br\/historia-oiapoque\/wp-json\/wp\/v2\/media?parent=1718"}],"wp:term":[{"taxonomy":"category","embeddable":true,"href":"https:\/\/www2.unifap.br\/historia-oiapoque\/wp-json\/wp\/v2\/categories?post=1718"},{"taxonomy":"post_tag","embeddable":true,"href":"https:\/\/www2.unifap.br\/historia-oiapoque\/wp-json\/wp\/v2\/tags?post=1718"}],"curies":[{"name":"wp","href":"https:\/\/api.w.org\/{rel}","templated":true}]}}