{"id":1823,"date":"2026-08-30T16:35:40","date_gmt":"2026-08-30T16:35:40","guid":{"rendered":"https:\/\/www2.unifap.br\/historia-oiapoque\/?p=1823"},"modified":"2026-08-30T16:48:34","modified_gmt":"2026-08-30T16:48:34","slug":"estudantes-do-curso-de-historia-participam-de-grande-evento-no-campus-binacional","status":"publish","type":"post","link":"https:\/\/www2.unifap.br\/historia-oiapoque\/2026\/08\/30\/estudantes-do-curso-de-historia-participam-de-grande-evento-no-campus-binacional\/","title":{"rendered":"Estudantes do curso de Hist\u00f3ria participam de grande evento no Campus Binacional"},"content":{"rendered":"<p>A docente do curso de Hist\u00f3ria do Campus Binacional, Profa. Dra. Evelanne Samara, juntamente com alunas (os) da turma 2025 (per\u00edodo letivo 2026.2) marcaram presen\u00e7a no Congresso Internacional de Di\u00e1logos Interculturais na Fronteira Amaz\u00f4nica (CIDIFA) que ocorreu entre 13 e 15 de agosto de 2026 nas depend\u00eancias do Campus.<\/p>\n<p><a href=\"http:\/\/www2.unifap.br\/historia-oiapoque\/files\/2026\/08\/IMG-20260813-WA0033.jpg\"><img decoding=\"async\" class=\"alignleft size-thumbnail wp-image-1825\" src=\"http:\/\/www2.unifap.br\/historia-oiapoque\/files\/2026\/08\/IMG-20260813-WA0033-150x150.jpg\" alt=\"\" width=\"150\" height=\"150\" srcset=\"https:\/\/www2.unifap.br\/historia-oiapoque\/files\/2026\/08\/IMG-20260813-WA0033-150x150.jpg 150w, https:\/\/www2.unifap.br\/historia-oiapoque\/files\/2026\/08\/IMG-20260813-WA0033-70x70.jpg 70w\" sizes=\"(max-width: 150px) 100vw, 150px\" \/><\/a><\/p>\n<p>Sob orienta\u00e7\u00e3o da professora Evelanne, foram apresentados trabalhos inseridos na tem\u00e1tica dos povos tradicionais da regi\u00e3o de Oiapoque. Os discentes Bruno Alves dos Santos Moura, Edson Anik\u00e1 e Leonan Batista Forte apresentaram a comunica\u00e7\u00e3o intitulada \u201cMuseu Kuah\u00ed dos povos ind\u00edgenas de Oiapoque como suporte para uma atividade pedag\u00f3gica na Escola Estadual Joaquim Caetano da Silva\u201d. J\u00e1 as discentes Alice da Silva Santa Br\u00edgida, Daiane Lameira da Silva, Delize dos Santos e Vict\u00f3ria Regina Santos Vales apresentaram o trabalho \u201cSaberes que curam: a import\u00e2ncia dos rem\u00e9dios tradicionais em uma experi\u00eancia de trabalho de campo\u201d.<\/p>\n<p>Desse modo, as (os) futuros (as) historiadoras (es) deram um passo importante neste in\u00edcio de jornada acad\u00eamica.<\/p>\n<p><img fetchpriority=\"high\" decoding=\"async\" class=\"alignleft size-medium wp-image-1827\" src=\"http:\/\/www2.unifap.br\/historia-oiapoque\/files\/2026\/08\/IMG-20260815-WA0018-300x220.jpg\" alt=\"\" width=\"300\" height=\"220\" srcset=\"https:\/\/www2.unifap.br\/historia-oiapoque\/files\/2026\/08\/IMG-20260815-WA0018-300x220.jpg 300w, https:\/\/www2.unifap.br\/historia-oiapoque\/files\/2026\/08\/IMG-20260815-WA0018-1024x751.jpg 1024w, https:\/\/www2.unifap.br\/historia-oiapoque\/files\/2026\/08\/IMG-20260815-WA0018-768x564.jpg 768w, https:\/\/www2.unifap.br\/historia-oiapoque\/files\/2026\/08\/IMG-20260815-WA0018-1536x1127.jpg 1536w, https:\/\/www2.unifap.br\/historia-oiapoque\/files\/2026\/08\/IMG-20260815-WA0018.jpg 1600w\" sizes=\"(max-width: 300px) 100vw, 300px\" \/><\/p>\n<p>Da esquerda para a direita: Leonan, Alice, Evelanne, Delize e Edson durante evento do CIDIFA.<\/p>\n<p>&nbsp;<\/p>\n","protected":false},"excerpt":{"rendered":"<p>A docente do curso de Hist\u00f3ria do Campus Binacional, Profa. Dra. Evelanne Samara, juntamente com alunas (os) da turma 2025 (per\u00edodo letivo 2026.2) marcaram presen\u00e7a no Congresso Internacional de Di\u00e1logos Interculturais na Fronteira Amaz\u00f4nica (CIDIFA) que ocorreu entre 13 e&hellip; <\/p>\n<p><a href=\"https:\/\/www2.unifap.br\/historia-oiapoque\/2026\/08\/30\/estudantes-do-curso-de-historia-participam-de-grande-evento-no-campus-binacional\/\" class=\"readmore-button\">Continue Reading<\/a><\/p>\n","protected":false},"author":819,"featured_media":0,"comment_status":"closed","ping_status":"closed","sticky":false,"template":"","format":"standard","meta":{"inline_featured_image":false,"ngg_post_thumbnail":0,"footnotes":""},"categories":[1],"tags":[],"class_list":["post-1823","post","type-post","status-publish","format-standard","hentry","category-institucional"],"_links":{"self":[{"href":"https:\/\/www2.unifap.br\/historia-oiapoque\/wp-json\/wp\/v2\/posts\/1823","targetHints":{"allow":["GET"]}}],"collection":[{"href":"https:\/\/www2.unifap.br\/historia-oiapoque\/wp-json\/wp\/v2\/posts"}],"about":[{"href":"https:\/\/www2.unifap.br\/historia-oiapoque\/wp-json\/wp\/v2\/types\/post"}],"author":[{"embeddable":true,"href":"https:\/\/www2.unifap.br\/historia-oiapoque\/wp-json\/wp\/v2\/users\/819"}],"replies":[{"embeddable":true,"href":"https:\/\/www2.unifap.br\/historia-oiapoque\/wp-json\/wp\/v2\/comments?post=1823"}],"version-history":[{"count":4,"href":"https:\/\/www2.unifap.br\/historia-oiapoque\/wp-json\/wp\/v2\/posts\/1823\/revisions"}],"predecessor-version":[{"id":1831,"href":"https:\/\/www2.unifap.br\/historia-oiapoque\/wp-json\/wp\/v2\/posts\/1823\/revisions\/1831"}],"wp:attachment":[{"href":"https:\/\/www2.unifap.br\/historia-oiapoque\/wp-json\/wp\/v2\/media?parent=1823"}],"wp:term":[{"taxonomy":"category","embeddable":true,"href":"https:\/\/www2.unifap.br\/historia-oiapoque\/wp-json\/wp\/v2\/categories?post=1823"},{"taxonomy":"post_tag","embeddable":true,"href":"https:\/\/www2.unifap.br\/historia-oiapoque\/wp-json\/wp\/v2\/tags?post=1823"}],"curies":[{"name":"wp","href":"https:\/\/api.w.org\/{rel}","templated":true}]}}