{"id":1738,"date":"2021-01-20T18:09:16","date_gmt":"2021-01-20T18:09:16","guid":{"rendered":"http:\/\/www2.unifap.br\/indigena\/?p=1738"},"modified":"2021-01-20T18:09:34","modified_gmt":"2021-01-20T18:09:34","slug":"acompanha-o-clii-nas-redes-sociais","status":"publish","type":"post","link":"https:\/\/www2.unifap.br\/indigena\/2021\/01\/20\/acompanha-o-clii-nas-redes-sociais\/","title":{"rendered":"Acompanhe o CLII nas Redes Sociais!"},"content":{"rendered":"<div class=\"kvgmc6g5 cxmmr5t8 oygrvhab hcukyx3x c1et5uql ii04i59q\">\n<div dir=\"auto\"><strong>Parentes,<\/strong><\/div>\n<\/div>\n<div class=\"o9v6fnle cxmmr5t8 oygrvhab hcukyx3x c1et5uql ii04i59q\">\n<div dir=\"auto\">Nesse momento de pandemia que estamos atravessando instalou-se o distanciamento social para a preserva\u00e7\u00e3o da sa\u00fade e da vida de todos. Essas mudan\u00e7as impactaram as atividades do Curso de Licenciatura Intercultural Ind\u00edgena e nossas interpessoais, que agora est\u00e3o ocorrendo de forma virtual. Mesmo nesse contexto, o CLII quer estar presente na vida dos acad\u00eamicos e de suas comunidades, e estamos utilizando as ferramentas poss\u00edveis para que isso ocorra.\u00a0Acompanhe nossa p\u00e1gina no<strong> Facebook<\/strong> (<a href=\"https:\/\/www.facebook.com\/CLIIUnifap\">Curso de Licenciatura Intercultural Ind\u00edgena &#8211; Unifap | Facebook<\/a>), no <strong>Instagram<\/strong> (<a href=\"https:\/\/www.instagram.com\/clii_unifap\/\">Licenciatura Ind\u00edgena &#8211; Unifap (@clii_unifap) \u2022 Fotos e v\u00eddeos do Instagram<\/a>) e no nosso <strong>Canal do YouTube<\/strong> (<a href=\"https:\/\/www.youtube.com\/c\/CLIIUNIFAP\/channels\">CLII &#8211; UNIFAP &#8211; YouTube<\/a>) com o Webin\u00e1rio do Clii, Da rede \u00e0 rede, realizado em 2020. Assim, o CLII iniciar\u00e1 uma s\u00e9rie de postagens com conte\u00fados pr\u00f3prios, produzidos pelo CLII, com tem\u00e1ticas relativas ao Curso e aos povos ind\u00edgenas.<\/div>\n<\/div>\n<div class=\"o9v6fnle cxmmr5t8 oygrvhab hcukyx3x c1et5uql ii04i59q\">\n<div dir=\"auto\">Fiquem ligados em nossas redes sociais.<\/div>\n<\/div>\n<div class=\"o9v6fnle cxmmr5t8 oygrvhab hcukyx3x c1et5uql ii04i59q\">\n<div dir=\"auto\">Nos encontramos na rede!<\/div>\n<div dir=\"auto\"><a href=\"http:\/\/www2.unifap.br\/indigena\/files\/2021\/01\/Voc\u00ea-sabia.jpg\"><img fetchpriority=\"high\" decoding=\"async\" class=\"alignnone size-large wp-image-1739\" src=\"http:\/\/www2.unifap.br\/indigena\/files\/2021\/01\/Voc\u00ea-sabia-1024x724.jpg\" alt=\"\" width=\"640\" height=\"453\" srcset=\"https:\/\/www2.unifap.br\/indigena\/files\/2021\/01\/Voc\u00ea-sabia-1024x724.jpg 1024w, https:\/\/www2.unifap.br\/indigena\/files\/2021\/01\/Voc\u00ea-sabia-300x212.jpg 300w, https:\/\/www2.unifap.br\/indigena\/files\/2021\/01\/Voc\u00ea-sabia-768x543.jpg 768w, https:\/\/www2.unifap.br\/indigena\/files\/2021\/01\/Voc\u00ea-sabia.jpg 1280w\" sizes=\"(max-width: 640px) 100vw, 640px\" \/><\/a> <a href=\"http:\/\/www2.unifap.br\/indigena\/files\/2021\/01\/TBT-do-Clii.jpg\"><img decoding=\"async\" class=\"alignnone size-large wp-image-1740\" src=\"http:\/\/www2.unifap.br\/indigena\/files\/2021\/01\/TBT-do-Clii-1024x758.jpg\" alt=\"\" width=\"640\" height=\"474\" srcset=\"https:\/\/www2.unifap.br\/indigena\/files\/2021\/01\/TBT-do-Clii-1024x758.jpg 1024w, https:\/\/www2.unifap.br\/indigena\/files\/2021\/01\/TBT-do-Clii-300x222.jpg 300w, https:\/\/www2.unifap.br\/indigena\/files\/2021\/01\/TBT-do-Clii-768x569.jpg 768w, https:\/\/www2.unifap.br\/indigena\/files\/2021\/01\/TBT-do-Clii.jpg 1280w\" sizes=\"(max-width: 640px) 100vw, 640px\" \/><\/a> <a href=\"http:\/\/www2.unifap.br\/indigena\/files\/2021\/01\/Clii-Indica.jpg\"><img decoding=\"async\" class=\"alignnone size-large wp-image-1741\" src=\"http:\/\/www2.unifap.br\/indigena\/files\/2021\/01\/Clii-Indica-1024x725.jpg\" alt=\"\" width=\"640\" height=\"453\" srcset=\"https:\/\/www2.unifap.br\/indigena\/files\/2021\/01\/Clii-Indica-1024x725.jpg 1024w, https:\/\/www2.unifap.br\/indigena\/files\/2021\/01\/Clii-Indica-300x212.jpg 300w, https:\/\/www2.unifap.br\/indigena\/files\/2021\/01\/Clii-Indica-768x544.jpg 768w, https:\/\/www2.unifap.br\/indigena\/files\/2021\/01\/Clii-Indica.jpg 1280w\" sizes=\"(max-width: 640px) 100vw, 640px\" \/><\/a> <a href=\"http:\/\/www2.unifap.br\/indigena\/files\/2021\/01\/Como-a-gente-faz-tcc.jpg\"><img loading=\"lazy\" decoding=\"async\" class=\"alignnone size-large wp-image-1742\" src=\"http:\/\/www2.unifap.br\/indigena\/files\/2021\/01\/Como-a-gente-faz-tcc-1024x694.jpg\" alt=\"\" width=\"640\" height=\"434\" srcset=\"https:\/\/www2.unifap.br\/indigena\/files\/2021\/01\/Como-a-gente-faz-tcc-1024x694.jpg 1024w, https:\/\/www2.unifap.br\/indigena\/files\/2021\/01\/Como-a-gente-faz-tcc-300x203.jpg 300w, https:\/\/www2.unifap.br\/indigena\/files\/2021\/01\/Como-a-gente-faz-tcc-768x521.jpg 768w, https:\/\/www2.unifap.br\/indigena\/files\/2021\/01\/Como-a-gente-faz-tcc.jpg 1280w\" sizes=\"(max-width: 640px) 100vw, 640px\" \/><\/a> <a href=\"http:\/\/www2.unifap.br\/indigena\/files\/2021\/01\/Minha-hist\u00f3ria-no-clii.jpg\"><img loading=\"lazy\" decoding=\"async\" class=\"alignnone size-large wp-image-1743\" src=\"http:\/\/www2.unifap.br\/indigena\/files\/2021\/01\/Minha-hist\u00f3ria-no-clii-1024x682.jpg\" alt=\"\" width=\"640\" height=\"426\" srcset=\"https:\/\/www2.unifap.br\/indigena\/files\/2021\/01\/Minha-hist\u00f3ria-no-clii-1024x682.jpg 1024w, https:\/\/www2.unifap.br\/indigena\/files\/2021\/01\/Minha-hist\u00f3ria-no-clii-300x200.jpg 300w, https:\/\/www2.unifap.br\/indigena\/files\/2021\/01\/Minha-hist\u00f3ria-no-clii-768x512.jpg 768w, https:\/\/www2.unifap.br\/indigena\/files\/2021\/01\/Minha-hist\u00f3ria-no-clii-1536x1023.jpg 1536w, https:\/\/www2.unifap.br\/indigena\/files\/2021\/01\/Minha-hist\u00f3ria-no-clii.jpg 1710w\" sizes=\"(max-width: 640px) 100vw, 640px\" \/><\/a><\/div>\n<\/div>\n","protected":false},"excerpt":{"rendered":"<p>Parentes, Nesse momento de pandemia que estamos atravessando instalou-se o distanciamento social para a preserva\u00e7\u00e3o da sa\u00fade e da vida de todos. Essas mudan\u00e7as impactaram as atividades do Curso de Licenciatura Intercultural Ind\u00edgena e nossas interpessoais, que agora est\u00e3o ocorrendo de forma virtual. Mesmo nesse contexto, o CLII quer estar presente na vida dos acad\u00eamicos&#8230;<\/p>\n","protected":false},"author":818,"featured_media":0,"comment_status":"open","ping_status":"open","sticky":false,"template":"","format":"standard","meta":{"inline_featured_image":false,"ngg_post_thumbnail":0,"footnotes":""},"categories":[1],"tags":[],"class_list":["post-1738","post","type-post","status-publish","format-standard","hentry","category-ensino","entry"],"_links":{"self":[{"href":"https:\/\/www2.unifap.br\/indigena\/wp-json\/wp\/v2\/posts\/1738","targetHints":{"allow":["GET"]}}],"collection":[{"href":"https:\/\/www2.unifap.br\/indigena\/wp-json\/wp\/v2\/posts"}],"about":[{"href":"https:\/\/www2.unifap.br\/indigena\/wp-json\/wp\/v2\/types\/post"}],"author":[{"embeddable":true,"href":"https:\/\/www2.unifap.br\/indigena\/wp-json\/wp\/v2\/users\/818"}],"replies":[{"embeddable":true,"href":"https:\/\/www2.unifap.br\/indigena\/wp-json\/wp\/v2\/comments?post=1738"}],"version-history":[{"count":2,"href":"https:\/\/www2.unifap.br\/indigena\/wp-json\/wp\/v2\/posts\/1738\/revisions"}],"predecessor-version":[{"id":1745,"href":"https:\/\/www2.unifap.br\/indigena\/wp-json\/wp\/v2\/posts\/1738\/revisions\/1745"}],"wp:attachment":[{"href":"https:\/\/www2.unifap.br\/indigena\/wp-json\/wp\/v2\/media?parent=1738"}],"wp:term":[{"taxonomy":"category","embeddable":true,"href":"https:\/\/www2.unifap.br\/indigena\/wp-json\/wp\/v2\/categories?post=1738"},{"taxonomy":"post_tag","embeddable":true,"href":"https:\/\/www2.unifap.br\/indigena\/wp-json\/wp\/v2\/tags?post=1738"}],"curies":[{"name":"wp","href":"https:\/\/api.w.org\/{rel}","templated":true}]}}