{"id":1990,"date":"2021-07-23T21:00:59","date_gmt":"2021-07-23T21:00:59","guid":{"rendered":"http:\/\/www2.unifap.br\/indigena\/?p=1990"},"modified":"2021-07-23T21:00:59","modified_gmt":"2021-07-23T21:00:59","slug":"calendario-das-aulas-remotas-do-clii-unifap-no-semestre-2021-1","status":"publish","type":"post","link":"https:\/\/www2.unifap.br\/indigena\/2021\/07\/23\/calendario-das-aulas-remotas-do-clii-unifap-no-semestre-2021-1\/","title":{"rendered":"Calend\u00e1rio das Aulas remotas do CLII\/UNIFAP no semestre 2021.1"},"content":{"rendered":"<p>Acesso o calend\u00e1rio das disciplinas\/componentes curriculares ofertados, com os nomes das turmas atendidas e dos docentes respons\u00e1veis neste semestre de aulas remotas (s\u00edncronas e ass\u00edncronas) do CLII\/UNIFAP 2021.1.<\/p>\n<p><a href=\"http:\/\/www2.unifap.br\/indigena\/files\/2021\/07\/II-Etapa-Remota-do-CLII-_-Hor\u00e1rio-de-Aulas-2021.1.pdf\">II Etapa Remota do CLII _ Hor\u00e1rio de Aulas 2021.1<\/a><\/p>\n","protected":false},"excerpt":{"rendered":"<p>Acesso o calend\u00e1rio das disciplinas\/componentes curriculares ofertados, com os nomes das turmas atendidas e dos docentes respons\u00e1veis neste semestre de aulas remotas (s\u00edncronas e ass\u00edncronas) do CLII\/UNIFAP 2021.1. II Etapa Remota do CLII _ Hor\u00e1rio de Aulas 2021.1<\/p>\n","protected":false},"author":818,"featured_media":0,"comment_status":"open","ping_status":"open","sticky":false,"template":"","format":"standard","meta":{"inline_featured_image":false,"ngg_post_thumbnail":0,"footnotes":""},"categories":[1],"tags":[],"class_list":["post-1990","post","type-post","status-publish","format-standard","hentry","category-ensino","entry"],"_links":{"self":[{"href":"https:\/\/www2.unifap.br\/indigena\/wp-json\/wp\/v2\/posts\/1990","targetHints":{"allow":["GET"]}}],"collection":[{"href":"https:\/\/www2.unifap.br\/indigena\/wp-json\/wp\/v2\/posts"}],"about":[{"href":"https:\/\/www2.unifap.br\/indigena\/wp-json\/wp\/v2\/types\/post"}],"author":[{"embeddable":true,"href":"https:\/\/www2.unifap.br\/indigena\/wp-json\/wp\/v2\/users\/818"}],"replies":[{"embeddable":true,"href":"https:\/\/www2.unifap.br\/indigena\/wp-json\/wp\/v2\/comments?post=1990"}],"version-history":[{"count":2,"href":"https:\/\/www2.unifap.br\/indigena\/wp-json\/wp\/v2\/posts\/1990\/revisions"}],"predecessor-version":[{"id":1993,"href":"https:\/\/www2.unifap.br\/indigena\/wp-json\/wp\/v2\/posts\/1990\/revisions\/1993"}],"wp:attachment":[{"href":"https:\/\/www2.unifap.br\/indigena\/wp-json\/wp\/v2\/media?parent=1990"}],"wp:term":[{"taxonomy":"category","embeddable":true,"href":"https:\/\/www2.unifap.br\/indigena\/wp-json\/wp\/v2\/categories?post=1990"},{"taxonomy":"post_tag","embeddable":true,"href":"https:\/\/www2.unifap.br\/indigena\/wp-json\/wp\/v2\/tags?post=1990"}],"curies":[{"name":"wp","href":"https:\/\/api.w.org\/{rel}","templated":true}]}}