{"id":3845,"date":"2024-03-15T13:34:43","date_gmt":"2024-03-15T13:34:43","guid":{"rendered":"https:\/\/www2.unifap.br\/letras\/?p=3845"},"modified":"2024-03-15T13:35:41","modified_gmt":"2024-03-15T13:35:41","slug":"dia-da-francofonia-na-sala-de-aula","status":"publish","type":"post","link":"https:\/\/www2.unifap.br\/letras\/2024\/03\/15\/dia-da-francofonia-na-sala-de-aula\/","title":{"rendered":"Dia da Francofonia na sala de aula"},"content":{"rendered":"\t\t<div data-elementor-type=\"wp-post\" data-elementor-id=\"3845\" class=\"elementor elementor-3845\">\n\t\t\t\t\t\t<section class=\"elementor-section elementor-top-section elementor-element elementor-element-789c889 elementor-section-boxed elementor-section-height-default elementor-section-height-default\" data-id=\"789c889\" data-element_type=\"section\" data-e-type=\"section\">\n\t\t\t\t\t\t<div class=\"elementor-container elementor-column-gap-default\">\n\t\t\t\t\t<div class=\"elementor-column elementor-col-100 elementor-top-column elementor-element elementor-element-374ebe0\" data-id=\"374ebe0\" data-element_type=\"column\" data-e-type=\"column\">\n\t\t\t<div class=\"elementor-widget-wrap elementor-element-populated\">\n\t\t\t\t\t\t<div class=\"elementor-element elementor-element-75b6bfc elementor-widget elementor-widget-text-editor\" data-id=\"75b6bfc\" data-element_type=\"widget\" data-e-type=\"widget\" data-widget_type=\"text-editor.default\">\n\t\t\t\t<div class=\"elementor-widget-container\">\n\t\t\t\t\t\t\t\t\t<p>No dia 13 de mar\u00e7o, os acad\u00eamicos da turma 2022 do Curso de Letras Portugu\u00eas e Franc\u00eas fizeram uma singela homenagem ao dia da Francofonia que \u00e9 comemorada o dia 20 de mar\u00e7o. Na ocasi\u00e3o, tiveram a companhia de Mar Diop do Senegal, Mo\u00efse da Costa do Marfim e Herv\u00e9 do Benin que falaram dos seus respectivos pa\u00edses. Tratou-se de um encontro de l\u00ednguas, de culturas, de experi\u00eancias compartilhadas.<\/p>\t\t\t\t\t\t\t\t<\/div>\n\t\t\t\t<\/div>\n\t\t\t\t\t<\/div>\n\t\t<\/div>\n\t\t\t\t\t<\/div>\n\t\t<\/section>\n\t\t\t\t<section class=\"elementor-section elementor-top-section elementor-element elementor-element-d4840e7 elementor-section-boxed elementor-section-height-default elementor-section-height-default\" data-id=\"d4840e7\" data-element_type=\"section\" data-e-type=\"section\">\n\t\t\t\t\t\t<div class=\"elementor-container elementor-column-gap-default\">\n\t\t\t\t\t<div class=\"elementor-column elementor-col-100 elementor-top-column elementor-element elementor-element-375a581\" data-id=\"375a581\" data-element_type=\"column\" data-e-type=\"column\">\n\t\t\t<div class=\"elementor-widget-wrap elementor-element-populated\">\n\t\t\t\t\t\t<div class=\"elementor-element elementor-element-e966afe elementor-widget elementor-widget-image\" data-id=\"e966afe\" data-element_type=\"widget\" data-e-type=\"widget\" data-widget_type=\"image.default\">\n\t\t\t\t<div class=\"elementor-widget-container\">\n\t\t\t\t\t\t\t\t\t\t\t\t\t\t\t<img fetchpriority=\"high\" decoding=\"async\" width=\"1024\" height=\"768\" src=\"https:\/\/www2.unifap.br\/letras\/files\/2024\/03\/WhatsApp-Image-2024-03-13-at-11.30.04-1024x768.jpeg\" class=\"attachment-large size-large wp-image-3846\" alt=\"\" srcset=\"https:\/\/www2.unifap.br\/letras\/files\/2024\/03\/WhatsApp-Image-2024-03-13-at-11.30.04-1024x768.jpeg 1024w, https:\/\/www2.unifap.br\/letras\/files\/2024\/03\/WhatsApp-Image-2024-03-13-at-11.30.04-300x225.jpeg 300w, https:\/\/www2.unifap.br\/letras\/files\/2024\/03\/WhatsApp-Image-2024-03-13-at-11.30.04-768x576.jpeg 768w, https:\/\/www2.unifap.br\/letras\/files\/2024\/03\/WhatsApp-Image-2024-03-13-at-11.30.04-1536x1152.jpeg 1536w, https:\/\/www2.unifap.br\/letras\/files\/2024\/03\/WhatsApp-Image-2024-03-13-at-11.30.04-2048x1536.jpeg 2048w\" sizes=\"(max-width: 1024px) 100vw, 1024px\" \/>\t\t\t\t\t\t\t\t\t\t\t\t\t\t\t<\/div>\n\t\t\t\t<\/div>\n\t\t\t\t\t<\/div>\n\t\t<\/div>\n\t\t\t\t\t<\/div>\n\t\t<\/section>\n\t\t\t\t<\/div>\n\t\t","protected":false},"excerpt":{"rendered":"<p>No dia 13 de mar\u00e7o, os acad\u00eamicos da turma 2022 do Curso de Letras Portugu\u00eas e Franc\u00eas fizeram uma singela&#8230;<\/p>\n","protected":false},"author":73,"featured_media":0,"comment_status":"open","ping_status":"open","sticky":false,"template":"","format":"standard","meta":{"inline_featured_image":false,"site-sidebar-layout":"default","site-content-layout":"","ast-site-content-layout":"default","site-content-style":"default","site-sidebar-style":"default","ast-global-header-display":"","ast-banner-title-visibility":"","ast-main-header-display":"","ast-hfb-above-header-display":"","ast-hfb-below-header-display":"","ast-hfb-mobile-header-display":"","site-post-title":"","ast-breadcrumbs-content":"","ast-featured-img":"","footer-sml-layout":"","theme-transparent-header-meta":"","adv-header-id-meta":"","stick-header-meta":"","header-above-stick-meta":"","header-main-stick-meta":"","header-below-stick-meta":"","astra-migrate-meta-layouts":"default","ast-page-background-enabled":"default","ast-page-background-meta":{"desktop":{"background-color":"var(--ast-global-color-4)","background-image":"","background-repeat":"repeat","background-position":"center center","background-size":"auto","background-attachment":"scroll","background-type":"","background-media":"","overlay-type":"","overlay-color":"","overlay-opacity":"","overlay-gradient":""},"tablet":{"background-color":"","background-image":"","background-repeat":"repeat","background-position":"center center","background-size":"auto","background-attachment":"scroll","background-type":"","background-media":"","overlay-type":"","overlay-color":"","overlay-opacity":"","overlay-gradient":""},"mobile":{"background-color":"","background-image":"","background-repeat":"repeat","background-position":"center center","background-size":"auto","background-attachment":"scroll","background-type":"","background-media":"","overlay-type":"","overlay-color":"","overlay-opacity":"","overlay-gradient":""}},"ast-content-background-meta":{"desktop":{"background-color":"var(--ast-global-color-5)","background-image":"","background-repeat":"repeat","background-position":"center center","background-size":"auto","background-attachment":"scroll","background-type":"","background-media":"","overlay-type":"","overlay-color":"","overlay-opacity":"","overlay-gradient":""},"tablet":{"background-color":"var(--ast-global-color-5)","background-image":"","background-repeat":"repeat","background-position":"center center","background-size":"auto","background-attachment":"scroll","background-type":"","background-media":"","overlay-type":"","overlay-color":"","overlay-opacity":"","overlay-gradient":""},"mobile":{"background-color":"var(--ast-global-color-5)","background-image":"","background-repeat":"repeat","background-position":"center center","background-size":"auto","background-attachment":"scroll","background-type":"","background-media":"","overlay-type":"","overlay-color":"","overlay-opacity":"","overlay-gradient":""}},"ngg_post_thumbnail":0,"footnotes":""},"categories":[1],"tags":[],"class_list":["post-3845","post","type-post","status-publish","format-standard","hentry","category-sem-categoria"],"_links":{"self":[{"href":"https:\/\/www2.unifap.br\/letras\/wp-json\/wp\/v2\/posts\/3845","targetHints":{"allow":["GET"]}}],"collection":[{"href":"https:\/\/www2.unifap.br\/letras\/wp-json\/wp\/v2\/posts"}],"about":[{"href":"https:\/\/www2.unifap.br\/letras\/wp-json\/wp\/v2\/types\/post"}],"author":[{"embeddable":true,"href":"https:\/\/www2.unifap.br\/letras\/wp-json\/wp\/v2\/users\/73"}],"replies":[{"embeddable":true,"href":"https:\/\/www2.unifap.br\/letras\/wp-json\/wp\/v2\/comments?post=3845"}],"version-history":[{"count":3,"href":"https:\/\/www2.unifap.br\/letras\/wp-json\/wp\/v2\/posts\/3845\/revisions"}],"predecessor-version":[{"id":3849,"href":"https:\/\/www2.unifap.br\/letras\/wp-json\/wp\/v2\/posts\/3845\/revisions\/3849"}],"wp:attachment":[{"href":"https:\/\/www2.unifap.br\/letras\/wp-json\/wp\/v2\/media?parent=3845"}],"wp:term":[{"taxonomy":"category","embeddable":true,"href":"https:\/\/www2.unifap.br\/letras\/wp-json\/wp\/v2\/categories?post=3845"},{"taxonomy":"post_tag","embeddable":true,"href":"https:\/\/www2.unifap.br\/letras\/wp-json\/wp\/v2\/tags?post=3845"}],"curies":[{"name":"wp","href":"https:\/\/api.w.org\/{rel}","templated":true}]}}