{"id":4674,"date":"2016-04-26T13:41:36","date_gmt":"2016-04-26T13:41:36","guid":{"rendered":"http:\/\/www2.unifap.br\/medicina\/?p=4674"},"modified":"2016-04-26T13:42:43","modified_gmt":"2016-04-26T13:42:43","slug":"curso-de-medicina-da-boas-vindas-aos-calouros-2016-1","status":"publish","type":"post","link":"https:\/\/www2.unifap.br\/medicina\/curso-de-medicina-da-boas-vindas-aos-calouros-2016-1\/","title":{"rendered":"CURSO DE MEDICINA DA BOAS-VINDAS AOS CALOUROS 2016.1"},"content":{"rendered":"<figure id=\"attachment_4675\" aria-describedby=\"caption-attachment-4675\" style=\"width: 300px\" class=\"wp-caption aligncenter\"><a href=\"http:\/\/www2.unifap.br\/medicina\/files\/2016\/04\/DSCN0744.jpg\"><img fetchpriority=\"high\" decoding=\"async\" class=\"size-medium wp-image-4675   \" title=\"Br\u00e1ulio Fran\u00e7a dos Santos\" alt=\"DSCN0744\" src=\"http:\/\/www2.unifap.br\/medicina\/files\/2016\/04\/DSCN0744-300x225.jpg\" width=\"300\" height=\"225\" srcset=\"https:\/\/www2.unifap.br\/medicina\/files\/2016\/04\/DSCN0744-300x225.jpg 300w, https:\/\/www2.unifap.br\/medicina\/files\/2016\/04\/DSCN0744-1024x768.jpg 1024w\" sizes=\"(max-width: 300px) 100vw, 300px\" \/><\/a><figcaption id=\"caption-attachment-4675\" class=\"wp-caption-text\">Apresenta\u00e7\u00e3o inicial da cerim\u00f4nia de boas-vindas (Foto: Jess\u00e9 Maciel)<\/figcaption><\/figure>\n<p>Na \u00faltima segunda-feira (25 de abril de 2016) alunos, professores e t\u00e9cnicos do curso de medicina deram boas vindas aos novos alunos em uma cerim\u00f4nia presidida pelo professor MSc Br\u00e1ulio Fran\u00e7a e realizada no audit\u00f3rio do bloco do curso de Medicina.<\/p>\n<p>A cerim\u00f4nia que ocorreu no dia 25 de abril (\u00faltima segunda-feira) realizada pela coordena\u00e7\u00e3o do curso de Medicina, contou com a participa\u00e7\u00e3o dos alunos do segundo ano, professores e t\u00e9cnicos administrativos. Os professores ficaram respons\u00e1veis pela apresenta\u00e7\u00e3o do projeto pedag\u00f3gico do curso de Medicina.<\/p>\n<figure id=\"attachment_4676\" aria-describedby=\"caption-attachment-4676\" style=\"width: 300px\" class=\"wp-caption aligncenter\"><a href=\"http:\/\/www2.unifap.br\/medicina\/files\/2016\/04\/DSCN0751.jpg\"><img decoding=\"async\" class=\"size-medium wp-image-4676  \" title=\"Apresenta\u00e7\u00e3o do PPC\" alt=\"DSCN0751\" src=\"http:\/\/www2.unifap.br\/medicina\/files\/2016\/04\/DSCN0751-300x225.jpg\" width=\"300\" height=\"225\" srcset=\"https:\/\/www2.unifap.br\/medicina\/files\/2016\/04\/DSCN0751-300x225.jpg 300w, https:\/\/www2.unifap.br\/medicina\/files\/2016\/04\/DSCN0751-1024x768.jpg 1024w\" sizes=\"(max-width: 300px) 100vw, 300px\" \/><\/a><figcaption id=\"caption-attachment-4676\" class=\"wp-caption-text\">Professor Thiago Teixeira fala da import\u00e2ncia da metodologia usada no curso para forma\u00e7\u00e3o dos alunos (Foto: Jess\u00e9 Maciel)<\/figcaption><\/figure>\n<p>Esse ano o curso passou por altera\u00e7\u00e3o na forma de ingresso dos alunos, voltando a ser 30 alunos por turma, mas ainda com a entrada anual de 60 alunos. No ano de 2014 e 2015 entram as duas \u00fanicas turmas com 60 alunos, mas em virtude do grande n\u00famero de alunos e tamb\u00e9m a metodologia aplicada no curso a coordena\u00e7\u00e3o resolveu reformular a forma de ingresso dos alunos, passando de anual para semestral. Passando a ter dois ingressos por ano, uma no primeiro semestre e outra no segundo.<\/p>\n<figure id=\"attachment_4677\" aria-describedby=\"caption-attachment-4677\" style=\"width: 300px\" class=\"wp-caption aligncenter\"><a href=\"http:\/\/www2.unifap.br\/medicina\/files\/2016\/04\/DSCN0739.jpg\"><img decoding=\"async\" class=\"size-medium wp-image-4677  \" title=\"Calouros de Medicina 2016.1\" alt=\"DSCN0739\" src=\"http:\/\/www2.unifap.br\/medicina\/files\/2016\/04\/DSCN0739-300x225.jpg\" width=\"300\" height=\"225\" srcset=\"https:\/\/www2.unifap.br\/medicina\/files\/2016\/04\/DSCN0739-300x225.jpg 300w, https:\/\/www2.unifap.br\/medicina\/files\/2016\/04\/DSCN0739-1024x768.jpg 1024w\" sizes=\"(max-width: 300px) 100vw, 300px\" \/><\/a><figcaption id=\"caption-attachment-4677\" class=\"wp-caption-text\">Calouros de Medicina 2016.1 (Foto: Jess\u00e9 Maciel)<\/figcaption><\/figure>\n<figure id=\"attachment_4678\" aria-describedby=\"caption-attachment-4678\" style=\"width: 300px\" class=\"wp-caption aligncenter\"><a href=\"http:\/\/www2.unifap.br\/medicina\/files\/2016\/04\/DSCN0752.jpg\"><img loading=\"lazy\" decoding=\"async\" class=\"size-medium wp-image-4678  \" title=\"Calouros de Medicina 2016.1\" alt=\"DSCN0752\" src=\"http:\/\/www2.unifap.br\/medicina\/files\/2016\/04\/DSCN0752-300x225.jpg\" width=\"300\" height=\"225\" srcset=\"https:\/\/www2.unifap.br\/medicina\/files\/2016\/04\/DSCN0752-300x225.jpg 300w, https:\/\/www2.unifap.br\/medicina\/files\/2016\/04\/DSCN0752-1024x768.jpg 1024w\" sizes=\"(max-width: 300px) 100vw, 300px\" \/><\/a><figcaption id=\"caption-attachment-4678\" class=\"wp-caption-text\">Calouros de Medicina 2016.1 (Foto: Jess\u00e9 Maciel)<\/figcaption><\/figure>\n<p>Texto de Antonio Lucas<\/p>\n","protected":false},"excerpt":{"rendered":"<p>Na \u00faltima segunda-feira (25 de abril de 2016) alunos, professores e t\u00e9cnicos do curso de medicina deram boas vindas aos novos alunos em uma cerim\u00f4nia presidida pelo professor MSc Br\u00e1ulio Fran\u00e7a e realizada no audit\u00f3rio do bloco do curso de Medicina. A cerim\u00f4nia que ocorreu no dia 25 de abril (\u00faltima segunda-feira) realizada pela coordena\u00e7\u00e3o&#8230;<\/p>\n","protected":false},"author":885,"featured_media":0,"comment_status":"open","ping_status":"open","sticky":false,"template":"","format":"standard","meta":{"inline_featured_image":false,"ngg_post_thumbnail":0,"footnotes":""},"categories":[4],"tags":[],"class_list":["post-4674","post","type-post","status-publish","format-standard","hentry","category-noticias","entry"],"_links":{"self":[{"href":"https:\/\/www2.unifap.br\/medicina\/wp-json\/wp\/v2\/posts\/4674","targetHints":{"allow":["GET"]}}],"collection":[{"href":"https:\/\/www2.unifap.br\/medicina\/wp-json\/wp\/v2\/posts"}],"about":[{"href":"https:\/\/www2.unifap.br\/medicina\/wp-json\/wp\/v2\/types\/post"}],"author":[{"embeddable":true,"href":"https:\/\/www2.unifap.br\/medicina\/wp-json\/wp\/v2\/users\/885"}],"replies":[{"embeddable":true,"href":"https:\/\/www2.unifap.br\/medicina\/wp-json\/wp\/v2\/comments?post=4674"}],"version-history":[{"count":5,"href":"https:\/\/www2.unifap.br\/medicina\/wp-json\/wp\/v2\/posts\/4674\/revisions"}],"predecessor-version":[{"id":4683,"href":"https:\/\/www2.unifap.br\/medicina\/wp-json\/wp\/v2\/posts\/4674\/revisions\/4683"}],"wp:attachment":[{"href":"https:\/\/www2.unifap.br\/medicina\/wp-json\/wp\/v2\/media?parent=4674"}],"wp:term":[{"taxonomy":"category","embeddable":true,"href":"https:\/\/www2.unifap.br\/medicina\/wp-json\/wp\/v2\/categories?post=4674"},{"taxonomy":"post_tag","embeddable":true,"href":"https:\/\/www2.unifap.br\/medicina\/wp-json\/wp\/v2\/tags?post=4674"}],"curies":[{"name":"wp","href":"https:\/\/api.w.org\/{rel}","templated":true}]}}