{"id":1384,"date":"2015-04-12T13:36:16","date_gmt":"2015-04-12T13:36:16","guid":{"rendered":"http:\/\/www2.unifap.br\/nai\/?p=1384"},"modified":"2015-04-12T13:56:18","modified_gmt":"2015-04-12T13:56:18","slug":"visita-da-equipe-do-mec-ao-nai-unifap","status":"publish","type":"post","link":"https:\/\/www2.unifap.br\/nai\/visita-da-equipe-do-mec-ao-nai-unifap\/","title":{"rendered":"Visita da equipe do MEC ao NAI-unifap"},"content":{"rendered":"<p>Equipe do MEC estiveram presente nesta Quinta Feira (08\/04\/2015) na Universidade Federal do Amap\u00e1, fizeram visita ao NAI-N\u00facleo de Acessibilidade e Inclus\u00e3o e ficaram satisfeitos com o Bom atendimento e apoio que o NAI vem dando ao alunos com defici\u00eancias dentro da Universidade.<\/p>\n<p><a href=\"http:\/\/www2.unifap.br\/nai\/files\/2015\/04\/11041395_10200144182404585_572506438_n.jpg\"><img decoding=\"async\" class=\"alignnone  wp-image-1385\" alt=\"11041395_10200144182404585_572506438_n\" src=\"http:\/\/www2.unifap.br\/nai\/files\/2015\/04\/11041395_10200144182404585_572506438_n-300x168.jpg\" width=\"270\" height=\"151\" srcset=\"https:\/\/www2.unifap.br\/nai\/files\/2015\/04\/11041395_10200144182404585_572506438_n-300x168.jpg 300w, https:\/\/www2.unifap.br\/nai\/files\/2015\/04\/11041395_10200144182404585_572506438_n-320x180.jpg 320w, https:\/\/www2.unifap.br\/nai\/files\/2015\/04\/11041395_10200144182404585_572506438_n.jpg 960w\" sizes=\"(max-width: 270px) 100vw, 270px\" \/><\/a> <a href=\"http:\/\/www2.unifap.br\/nai\/files\/2015\/04\/11125435_10200144182124578_962973731_n.jpg\"><img decoding=\"async\" class=\"alignnone  wp-image-1386\" alt=\"11125435_10200144182124578_962973731_n\" src=\"http:\/\/www2.unifap.br\/nai\/files\/2015\/04\/11125435_10200144182124578_962973731_n-300x168.jpg\" width=\"270\" height=\"151\" srcset=\"https:\/\/www2.unifap.br\/nai\/files\/2015\/04\/11125435_10200144182124578_962973731_n-300x168.jpg 300w, https:\/\/www2.unifap.br\/nai\/files\/2015\/04\/11125435_10200144182124578_962973731_n-320x180.jpg 320w, https:\/\/www2.unifap.br\/nai\/files\/2015\/04\/11125435_10200144182124578_962973731_n.jpg 960w\" sizes=\"(max-width: 270px) 100vw, 270px\" \/><\/a> <a href=\"http:\/\/www2.unifap.br\/nai\/files\/2015\/04\/11128837_10200144182684592_1179518982_n.jpg\"><img decoding=\"async\" class=\"alignnone  wp-image-1387\" alt=\"11128837_10200144182684592_1179518982_n\" src=\"http:\/\/www2.unifap.br\/nai\/files\/2015\/04\/11128837_10200144182684592_1179518982_n-300x168.jpg\" width=\"270\" height=\"151\" srcset=\"https:\/\/www2.unifap.br\/nai\/files\/2015\/04\/11128837_10200144182684592_1179518982_n-300x168.jpg 300w, https:\/\/www2.unifap.br\/nai\/files\/2015\/04\/11128837_10200144182684592_1179518982_n-320x180.jpg 320w, https:\/\/www2.unifap.br\/nai\/files\/2015\/04\/11128837_10200144182684592_1179518982_n.jpg 960w\" sizes=\"(max-width: 270px) 100vw, 270px\" \/><\/a> <a href=\"http:\/\/www2.unifap.br\/nai\/files\/2015\/04\/11130626_10200144181924573_1490855420_n.jpg\"><img loading=\"lazy\" decoding=\"async\" class=\"alignnone  wp-image-1388\" alt=\"11130626_10200144181924573_1490855420_n\" src=\"http:\/\/www2.unifap.br\/nai\/files\/2015\/04\/11130626_10200144181924573_1490855420_n-300x168.jpg\" width=\"270\" height=\"151\" srcset=\"https:\/\/www2.unifap.br\/nai\/files\/2015\/04\/11130626_10200144181924573_1490855420_n-300x168.jpg 300w, https:\/\/www2.unifap.br\/nai\/files\/2015\/04\/11130626_10200144181924573_1490855420_n-320x180.jpg 320w, https:\/\/www2.unifap.br\/nai\/files\/2015\/04\/11130626_10200144181924573_1490855420_n.jpg 960w\" sizes=\"(max-width: 270px) 100vw, 270px\" \/><\/a> <a href=\"http:\/\/www2.unifap.br\/nai\/files\/2015\/04\/11131962_10200144182804595_1109408084_n.jpg\"><img loading=\"lazy\" decoding=\"async\" class=\"alignnone  wp-image-1389\" alt=\"11131962_10200144182804595_1109408084_n\" src=\"http:\/\/www2.unifap.br\/nai\/files\/2015\/04\/11131962_10200144182804595_1109408084_n-300x168.jpg\" width=\"270\" height=\"151\" srcset=\"https:\/\/www2.unifap.br\/nai\/files\/2015\/04\/11131962_10200144182804595_1109408084_n-300x168.jpg 300w, https:\/\/www2.unifap.br\/nai\/files\/2015\/04\/11131962_10200144182804595_1109408084_n-320x180.jpg 320w, https:\/\/www2.unifap.br\/nai\/files\/2015\/04\/11131962_10200144182804595_1109408084_n.jpg 960w\" sizes=\"(max-width: 270px) 100vw, 270px\" \/><\/a><\/p>\n","protected":false},"excerpt":{"rendered":"<p>Equipe do MEC estiveram presente nesta Quinta Feira (08\/04\/2015) na Universidade Federal do Amap\u00e1, fizeram visita ao NAI-N\u00facleo de Acessibilidade e Inclus\u00e3o e&#8230;<\/p>\n","protected":false},"author":406,"featured_media":0,"comment_status":"open","ping_status":"open","sticky":false,"template":"","format":"standard","meta":{"inline_featured_image":false,"ngg_post_thumbnail":0,"footnotes":""},"categories":[1],"tags":[],"class_list":["post-1384","post","type-post","status-publish","format-standard","hentry","category-sem-categoria"],"_links":{"self":[{"href":"https:\/\/www2.unifap.br\/nai\/wp-json\/wp\/v2\/posts\/1384","targetHints":{"allow":["GET"]}}],"collection":[{"href":"https:\/\/www2.unifap.br\/nai\/wp-json\/wp\/v2\/posts"}],"about":[{"href":"https:\/\/www2.unifap.br\/nai\/wp-json\/wp\/v2\/types\/post"}],"author":[{"embeddable":true,"href":"https:\/\/www2.unifap.br\/nai\/wp-json\/wp\/v2\/users\/406"}],"replies":[{"embeddable":true,"href":"https:\/\/www2.unifap.br\/nai\/wp-json\/wp\/v2\/comments?post=1384"}],"version-history":[{"count":1,"href":"https:\/\/www2.unifap.br\/nai\/wp-json\/wp\/v2\/posts\/1384\/revisions"}],"predecessor-version":[{"id":1390,"href":"https:\/\/www2.unifap.br\/nai\/wp-json\/wp\/v2\/posts\/1384\/revisions\/1390"}],"wp:attachment":[{"href":"https:\/\/www2.unifap.br\/nai\/wp-json\/wp\/v2\/media?parent=1384"}],"wp:term":[{"taxonomy":"category","embeddable":true,"href":"https:\/\/www2.unifap.br\/nai\/wp-json\/wp\/v2\/categories?post=1384"},{"taxonomy":"post_tag","embeddable":true,"href":"https:\/\/www2.unifap.br\/nai\/wp-json\/wp\/v2\/tags?post=1384"}],"curies":[{"name":"wp","href":"https:\/\/api.w.org\/{rel}","templated":true}]}}