{"id":1399,"date":"2015-04-14T18:00:13","date_gmt":"2015-04-14T18:00:13","guid":{"rendered":"http:\/\/www2.unifap.br\/nai\/?p=1399"},"modified":"2015-04-14T18:00:13","modified_gmt":"2015-04-14T18:00:13","slug":"curso-de-linguagem-radiofonica-radio-universitaria","status":"publish","type":"post","link":"https:\/\/www2.unifap.br\/nai\/curso-de-linguagem-radiofonica-radio-universitaria\/","title":{"rendered":"CURSO DE LINGUAGEM RADIOFONICA &#8211; RADIO UNIVERSIT\u00c1RIA"},"content":{"rendered":"<p>Alunos da Universidade Federal do Amap\u00e1 &#8211; UNIFAP, iniciaram hoje (14 de Abril de 2015), um Curso de Linguagem Radiof\u00f4nica no pr\u00e9dio da Radio Universit\u00e1ria Organizado pela Turma de Jornalismo da Unifap e o Professor Aldenor Benjamim. Alunos com defici\u00eancia tamb\u00e9m fizeram parte dessa equipe juntamente com o Bolsista do NAI Jos\u00e9 Wlademir do Curso de F\u00edsica afim de mostrar que a Acessibilidade \u00e9 para todos, e que em breve estar\u00e3o com um Programa de Radio no ar para falar sobre a Inclus\u00e3o dentro da UNIFAP.<\/p>\n<p><a href=\"http:\/\/www2.unifap.br\/nai\/files\/2015\/04\/11092936_648973881906830_15270084_n.jpg\"><img fetchpriority=\"high\" decoding=\"async\" class=\"alignnone  wp-image-1400\" alt=\"11092936_648973881906830_15270084_n\" src=\"http:\/\/www2.unifap.br\/nai\/files\/2015\/04\/11092936_648973881906830_15270084_n-300x224.jpg\" width=\"270\" height=\"202\" srcset=\"https:\/\/www2.unifap.br\/nai\/files\/2015\/04\/11092936_648973881906830_15270084_n-300x224.jpg 300w, https:\/\/www2.unifap.br\/nai\/files\/2015\/04\/11092936_648973881906830_15270084_n-240x180.jpg 240w, https:\/\/www2.unifap.br\/nai\/files\/2015\/04\/11092936_648973881906830_15270084_n.jpg 960w\" sizes=\"(max-width: 270px) 100vw, 270px\" \/><\/a> <a href=\"http:\/\/www2.unifap.br\/nai\/files\/2015\/04\/11139486_648973835240168_1127142095_n.jpg\"><img decoding=\"async\" class=\"alignnone  wp-image-1401\" alt=\"11139486_648973835240168_1127142095_n\" src=\"http:\/\/www2.unifap.br\/nai\/files\/2015\/04\/11139486_648973835240168_1127142095_n-300x224.jpg\" width=\"270\" height=\"202\" srcset=\"https:\/\/www2.unifap.br\/nai\/files\/2015\/04\/11139486_648973835240168_1127142095_n-300x224.jpg 300w, https:\/\/www2.unifap.br\/nai\/files\/2015\/04\/11139486_648973835240168_1127142095_n-240x180.jpg 240w, https:\/\/www2.unifap.br\/nai\/files\/2015\/04\/11139486_648973835240168_1127142095_n.jpg 960w\" sizes=\"(max-width: 270px) 100vw, 270px\" \/><\/a> <a href=\"http:\/\/www2.unifap.br\/nai\/files\/2015\/04\/11139825_648973648573520_1463623164_n.jpg\"><img decoding=\"async\" class=\"alignnone  wp-image-1402\" alt=\"11139825_648973648573520_1463623164_n\" src=\"http:\/\/www2.unifap.br\/nai\/files\/2015\/04\/11139825_648973648573520_1463623164_n-300x224.jpg\" width=\"270\" height=\"202\" srcset=\"https:\/\/www2.unifap.br\/nai\/files\/2015\/04\/11139825_648973648573520_1463623164_n-300x224.jpg 300w, https:\/\/www2.unifap.br\/nai\/files\/2015\/04\/11139825_648973648573520_1463623164_n-240x180.jpg 240w, https:\/\/www2.unifap.br\/nai\/files\/2015\/04\/11139825_648973648573520_1463623164_n.jpg 960w\" sizes=\"(max-width: 270px) 100vw, 270px\" \/><\/a> <a href=\"http:\/\/www2.unifap.br\/nai\/files\/2015\/04\/11154244_648973621906856_1549600815_o.jpg\"><img loading=\"lazy\" decoding=\"async\" class=\"alignnone  wp-image-1403\" alt=\"11154244_648973621906856_1549600815_o\" src=\"http:\/\/www2.unifap.br\/nai\/files\/2015\/04\/11154244_648973621906856_1549600815_o-300x224.jpg\" width=\"270\" height=\"202\" srcset=\"https:\/\/www2.unifap.br\/nai\/files\/2015\/04\/11154244_648973621906856_1549600815_o-300x224.jpg 300w, https:\/\/www2.unifap.br\/nai\/files\/2015\/04\/11154244_648973621906856_1549600815_o-1024x767.jpg 1024w, https:\/\/www2.unifap.br\/nai\/files\/2015\/04\/11154244_648973621906856_1549600815_o-240x180.jpg 240w, https:\/\/www2.unifap.br\/nai\/files\/2015\/04\/11154244_648973621906856_1549600815_o.jpg 1280w\" sizes=\"(max-width: 270px) 100vw, 270px\" \/><\/a> <a href=\"http:\/\/www2.unifap.br\/nai\/files\/2015\/04\/11156781_648973778573507_2019482997_n.jpg\"><img loading=\"lazy\" decoding=\"async\" class=\"alignnone  wp-image-1404\" alt=\"11156781_648973778573507_2019482997_n\" src=\"http:\/\/www2.unifap.br\/nai\/files\/2015\/04\/11156781_648973778573507_2019482997_n-300x224.jpg\" width=\"270\" height=\"202\" srcset=\"https:\/\/www2.unifap.br\/nai\/files\/2015\/04\/11156781_648973778573507_2019482997_n-300x224.jpg 300w, https:\/\/www2.unifap.br\/nai\/files\/2015\/04\/11156781_648973778573507_2019482997_n-240x180.jpg 240w, https:\/\/www2.unifap.br\/nai\/files\/2015\/04\/11156781_648973778573507_2019482997_n.jpg 960w\" sizes=\"(max-width: 270px) 100vw, 270px\" \/><\/a><\/p>\n<p>&nbsp;<\/p>\n","protected":false},"excerpt":{"rendered":"<p>Alunos da Universidade Federal do Amap\u00e1 &#8211; UNIFAP, iniciaram hoje (14 de Abril de 2015), um Curso de Linguagem Radiof\u00f4nica no pr\u00e9dio da&#8230;<\/p>\n","protected":false},"author":406,"featured_media":0,"comment_status":"open","ping_status":"open","sticky":false,"template":"","format":"standard","meta":{"inline_featured_image":false,"ngg_post_thumbnail":0,"footnotes":""},"categories":[1],"tags":[],"class_list":["post-1399","post","type-post","status-publish","format-standard","hentry","category-sem-categoria"],"_links":{"self":[{"href":"https:\/\/www2.unifap.br\/nai\/wp-json\/wp\/v2\/posts\/1399","targetHints":{"allow":["GET"]}}],"collection":[{"href":"https:\/\/www2.unifap.br\/nai\/wp-json\/wp\/v2\/posts"}],"about":[{"href":"https:\/\/www2.unifap.br\/nai\/wp-json\/wp\/v2\/types\/post"}],"author":[{"embeddable":true,"href":"https:\/\/www2.unifap.br\/nai\/wp-json\/wp\/v2\/users\/406"}],"replies":[{"embeddable":true,"href":"https:\/\/www2.unifap.br\/nai\/wp-json\/wp\/v2\/comments?post=1399"}],"version-history":[{"count":1,"href":"https:\/\/www2.unifap.br\/nai\/wp-json\/wp\/v2\/posts\/1399\/revisions"}],"predecessor-version":[{"id":1405,"href":"https:\/\/www2.unifap.br\/nai\/wp-json\/wp\/v2\/posts\/1399\/revisions\/1405"}],"wp:attachment":[{"href":"https:\/\/www2.unifap.br\/nai\/wp-json\/wp\/v2\/media?parent=1399"}],"wp:term":[{"taxonomy":"category","embeddable":true,"href":"https:\/\/www2.unifap.br\/nai\/wp-json\/wp\/v2\/categories?post=1399"},{"taxonomy":"post_tag","embeddable":true,"href":"https:\/\/www2.unifap.br\/nai\/wp-json\/wp\/v2\/tags?post=1399"}],"curies":[{"name":"wp","href":"https:\/\/api.w.org\/{rel}","templated":true}]}}