{"id":1406,"date":"2015-04-19T21:29:55","date_gmt":"2015-04-19T21:29:55","guid":{"rendered":"http:\/\/www2.unifap.br\/nai\/?p=1406"},"modified":"2015-04-20T20:23:19","modified_gmt":"2015-04-20T20:23:19","slug":"um-dia-de-inclusao-quebrando-barreiras","status":"publish","type":"post","link":"https:\/\/www2.unifap.br\/nai\/um-dia-de-inclusao-quebrando-barreiras\/","title":{"rendered":"UM DIA DE INCLUS\u00c3O: Quebrando Barreiras"},"content":{"rendered":"<p>O N\u00facleo de Acessibilidade e Inclus\u00e3o juntamente com alunos e ex-alunos da Universidade Federal do Amap\u00e1 ir\u00e3o promover no dia 01\/06\/2015, UM DIA DE INCLUS\u00c3O: Quebrando Barreiras, ser\u00e1 apresentado por&#8230;.etc. clique abaixo e fa\u00e7a sua inscri\u00e7\u00e3o.<\/p>\n<p><img decoding=\"async\" class=\"alignnone size-medium wp-image-1444\" alt=\"bot\u00e3o-inscri\u00e7\u00e3o\" src=\"http:\/\/www2.unifap.br\/nai\/files\/2015\/04\/bot\u00e3o-inscri\u00e7\u00e3o-300x52.png\" width=\"300\" height=\"52\" srcset=\"https:\/\/www2.unifap.br\/nai\/files\/2015\/04\/bot\u00e3o-inscri\u00e7\u00e3o-300x52.png 300w, https:\/\/www2.unifap.br\/nai\/files\/2015\/04\/bot\u00e3o-inscri\u00e7\u00e3o-475x83.png 475w, https:\/\/www2.unifap.br\/nai\/files\/2015\/04\/bot\u00e3o-inscri\u00e7\u00e3o.png 568w\" sizes=\"(max-width: 300px) 100vw, 300px\" \/><\/p>\n<p><a href=\"http:\/\/inclusao35.webnode.com\/inscricao\/\">\u00a0<\/a><\/p>\n<p>&nbsp;<\/p>\n<p>&nbsp;<\/p>\n<p>&nbsp;<\/p>\n<p><a style=\"line-height: 1.5em\" href=\"http:\/\/inclusao35.webnode.com\/inscricao\/\">\u00a0<\/a><\/p>\n","protected":false},"excerpt":{"rendered":"<p>O N\u00facleo de Acessibilidade e Inclus\u00e3o juntamente com alunos e ex-alunos da Universidade Federal do Amap\u00e1 ir\u00e3o promover no dia 01\/06\/2015, UM DIA&#8230;<\/p>\n","protected":false},"author":406,"featured_media":0,"comment_status":"open","ping_status":"open","sticky":false,"template":"","format":"standard","meta":{"inline_featured_image":false,"ngg_post_thumbnail":0,"footnotes":""},"categories":[1],"tags":[],"class_list":["post-1406","post","type-post","status-publish","format-standard","hentry","category-sem-categoria"],"_links":{"self":[{"href":"https:\/\/www2.unifap.br\/nai\/wp-json\/wp\/v2\/posts\/1406","targetHints":{"allow":["GET"]}}],"collection":[{"href":"https:\/\/www2.unifap.br\/nai\/wp-json\/wp\/v2\/posts"}],"about":[{"href":"https:\/\/www2.unifap.br\/nai\/wp-json\/wp\/v2\/types\/post"}],"author":[{"embeddable":true,"href":"https:\/\/www2.unifap.br\/nai\/wp-json\/wp\/v2\/users\/406"}],"replies":[{"embeddable":true,"href":"https:\/\/www2.unifap.br\/nai\/wp-json\/wp\/v2\/comments?post=1406"}],"version-history":[{"count":42,"href":"https:\/\/www2.unifap.br\/nai\/wp-json\/wp\/v2\/posts\/1406\/revisions"}],"predecessor-version":[{"id":1450,"href":"https:\/\/www2.unifap.br\/nai\/wp-json\/wp\/v2\/posts\/1406\/revisions\/1450"}],"wp:attachment":[{"href":"https:\/\/www2.unifap.br\/nai\/wp-json\/wp\/v2\/media?parent=1406"}],"wp:term":[{"taxonomy":"category","embeddable":true,"href":"https:\/\/www2.unifap.br\/nai\/wp-json\/wp\/v2\/categories?post=1406"},{"taxonomy":"post_tag","embeddable":true,"href":"https:\/\/www2.unifap.br\/nai\/wp-json\/wp\/v2\/tags?post=1406"}],"curies":[{"name":"wp","href":"https:\/\/api.w.org\/{rel}","templated":true}]}}