{"id":6490,"date":"2015-10-14T17:52:27","date_gmt":"2015-10-14T17:52:27","guid":{"rendered":"http:\/\/www2.unifap.br\/oiapoque\/?p=6490"},"modified":"2015-10-14T17:52:59","modified_gmt":"2015-10-14T17:52:59","slug":"colegiado-de-historia-ira-promover-encontro-internacional-de-arqueologia","status":"publish","type":"post","link":"https:\/\/www2.unifap.br\/oiapoque\/2015\/10\/14\/colegiado-de-historia-ira-promover-encontro-internacional-de-arqueologia\/","title":{"rendered":"Colegiado de Hist\u00f3ria ir\u00e1 promover Encontro Internacional de Arqueologia"},"content":{"rendered":"<p style=\"text-align: justify\"><a href=\"http:\/\/www2.unifap.br\/oiapoque\/files\/2015\/10\/12122570_754944487948486_4353394860441960042_n.jpg\"><img fetchpriority=\"high\" decoding=\"async\" class=\"alignnone size-full wp-image-6491\" alt=\"12122570_754944487948486_4353394860441960042_n\" src=\"http:\/\/www2.unifap.br\/oiapoque\/files\/2015\/10\/12122570_754944487948486_4353394860441960042_n.jpg\" width=\"960\" height=\"720\" srcset=\"https:\/\/www2.unifap.br\/oiapoque\/files\/2015\/10\/12122570_754944487948486_4353394860441960042_n.jpg 960w, https:\/\/www2.unifap.br\/oiapoque\/files\/2015\/10\/12122570_754944487948486_4353394860441960042_n-300x225.jpg 300w\" sizes=\"(max-width: 960px) 100vw, 960px\" \/><\/a><\/p>\n<p style=\"text-align: justify\">O curso de Hist\u00f3ria do Campus Binacional ir\u00e1 promover no pr\u00f3ximo dia 17 de outubro, o <i>I Encontro Internacional de Arqueologia de Oiapoque<\/i>, promovido pela Universidade Federal do Amap\u00e1. O evento contar\u00e1 com a presen\u00e7a de palestrantes nacionais e internacionais, que estar\u00e3o divulgando e debatendo suas pesquisas com o p\u00fablico universit\u00e1rio e comunidade oiapoquense em geral.<\/p>\n<p style=\"text-align: justify\"><b>Local:<\/b> Audit\u00f3rio Colares \u2013 anexo Campus Binacional da UNIFAP (centro).<\/p>\n<p style=\"text-align: justify\"><b>Hor\u00e1rio:<\/b> 08 horas \u2013 Credenciamento. 09 horas \u2013 Abertura e palestras.<\/p>\n<p style=\"text-align: justify\"><b>Emiss\u00e3o de certificados:<\/b> R$ 5,00<\/p>\n<p style=\"text-align: justify\"><b>Palestras:<\/b><\/p>\n<p style=\"text-align: justify\"><b>Dr. G\u00e9rald Migeon (Fran\u00e7a)<\/b><\/p>\n<p style=\"text-align: justify\">Tema: O impacto do homem sobre a natureza: as Guinana desde 10.000 anos<\/p>\n<p style=\"text-align: justify\"><b>Dr. Edinaldo Pinheiro Nunes Filho (Brasil\/Portugal)<\/b><\/p>\n<p style=\"text-align: justify\">Tema: A ocupa\u00e7\u00e3o antiga da Amaz\u00f4nia<\/p>\n<p style=\"text-align: justify\"><b>Dr. Iuri Cavlak (Brasil\/EUA)<\/b><\/p>\n<p style=\"text-align: justify\">Tema: A forma\u00e7\u00e3o hist\u00f3rica das Guianas<\/p>\n<p style=\"text-align: justify\"><b>Ms. Ana Cristina Rocha (Brasil)<\/b><\/p>\n<p style=\"text-align: justify\">Tema: A gest\u00e3o do patrim\u00f4nio arqueol\u00f3gico no Amap\u00e1<\/p>\n<p style=\"text-align: justify\"><b>Ms. Dinaldo Barbosa (Brasil\/Espanha)<\/b><\/p>\n<p style=\"text-align: justify\">Tema: Tra\u00e7os arqueol\u00f3gicos das pris\u00f5es na fronteira Franco-Brasileira.<\/p>\n<p style=\"text-align: justify\"><b>Esp. Ramiro Esdras (Brasil)<\/b><\/p>\n<p style=\"text-align: justify\">Tema: Aspecto arqueol\u00f3gico das comunidades ind\u00edgenas no entorno do rio Oiapoque.<\/p>\n<p style=\"text-align: justify\"><b>Coordena\u00e7\u00e3o do evento:<\/b> Ana Cristina Rocha (UNIFAP\/Binacional), Dinaldo Barbosa (UNIFAP\/Binacional), Edinaldo Pinheiro (UNIFAP\/Marco Zero) e Marcos Vinicius de Freitas (UNIFAP\/Marco Zero).<\/p>\n<p style=\"text-align: justify\"><b>Apoio:<\/b> ANPUH-AP, Dire\u00e7\u00e3o do Campus Binacional\/UNIFAP e a Coordena\u00e7\u00e3o de Pesquisa, Extens\u00e3o e A\u00e7\u00f5es Comunit\u00e1rias \u2013 COPEA.<\/p>\n","protected":false},"excerpt":{"rendered":"<p>O curso de Hist\u00f3ria do Campus Binacional ir\u00e1 promover no pr\u00f3ximo dia 17 de outubro, o I Encontro Internacional de Arqueologia de Oiapoque, promovido pela Universidade Federal do Amap\u00e1. O evento contar\u00e1 com a presen\u00e7a de palestrantes nacionais e internacionais, que estar\u00e3o divulgando e debatendo suas pesquisas com o p\u00fablico universit\u00e1rio e comunidade oiapoquense em&#8230;<\/p>\n","protected":false},"author":715,"featured_media":0,"comment_status":"closed","ping_status":"open","sticky":false,"template":"","format":"standard","meta":{"inline_featured_image":false,"ngg_post_thumbnail":0,"ocean_post_layout":"","ocean_both_sidebars_style":"","ocean_both_sidebars_content_width":0,"ocean_both_sidebars_sidebars_width":0,"ocean_sidebar":"","ocean_second_sidebar":"","ocean_disable_margins":"enable","ocean_add_body_class":"","ocean_shortcode_before_top_bar":"","ocean_shortcode_after_top_bar":"","ocean_shortcode_before_header":"","ocean_shortcode_after_header":"","ocean_has_shortcode":"","ocean_shortcode_after_title":"","ocean_shortcode_before_footer_widgets":"","ocean_shortcode_after_footer_widgets":"","ocean_shortcode_before_footer_bottom":"","ocean_shortcode_after_footer_bottom":"","ocean_display_top_bar":"default","ocean_display_header":"default","ocean_header_style":"","ocean_center_header_left_menu":"","ocean_custom_header_template":"","ocean_custom_logo":0,"ocean_custom_retina_logo":0,"ocean_custom_logo_max_width":0,"ocean_custom_logo_tablet_max_width":0,"ocean_custom_logo_mobile_max_width":0,"ocean_custom_logo_max_height":0,"ocean_custom_logo_tablet_max_height":0,"ocean_custom_logo_mobile_max_height":0,"ocean_header_custom_menu":"","ocean_menu_typo_font_family":"","ocean_menu_typo_font_subset":"","ocean_menu_typo_font_size":0,"ocean_menu_typo_font_size_tablet":0,"ocean_menu_typo_font_size_mobile":0,"ocean_menu_typo_font_size_unit":"px","ocean_menu_typo_font_weight":"","ocean_menu_typo_font_weight_tablet":"","ocean_menu_typo_font_weight_mobile":"","ocean_menu_typo_transform":"","ocean_menu_typo_transform_tablet":"","ocean_menu_typo_transform_mobile":"","ocean_menu_typo_line_height":0,"ocean_menu_typo_line_height_tablet":0,"ocean_menu_typo_line_height_mobile":0,"ocean_menu_typo_line_height_unit":"","ocean_menu_typo_spacing":0,"ocean_menu_typo_spacing_tablet":0,"ocean_menu_typo_spacing_mobile":0,"ocean_menu_typo_spacing_unit":"","ocean_menu_link_color":"","ocean_menu_link_color_hover":"","ocean_menu_link_color_active":"","ocean_menu_link_background":"","ocean_menu_link_hover_background":"","ocean_menu_link_active_background":"","ocean_menu_social_links_bg":"","ocean_menu_social_hover_links_bg":"","ocean_menu_social_links_color":"","ocean_menu_social_hover_links_color":"","ocean_disable_title":"default","ocean_disable_heading":"default","ocean_post_title":"","ocean_post_subheading":"","ocean_post_title_style":"","ocean_post_title_background_color":"","ocean_post_title_background":0,"ocean_post_title_bg_image_position":"","ocean_post_title_bg_image_attachment":"","ocean_post_title_bg_image_repeat":"","ocean_post_title_bg_image_size":"","ocean_post_title_height":0,"ocean_post_title_bg_overlay":0.5,"ocean_post_title_bg_overlay_color":"","ocean_disable_breadcrumbs":"default","ocean_breadcrumbs_color":"","ocean_breadcrumbs_separator_color":"","ocean_breadcrumbs_links_color":"","ocean_breadcrumbs_links_hover_color":"","ocean_display_footer_widgets":"default","ocean_display_footer_bottom":"default","ocean_custom_footer_template":"","ocean_post_oembed":"","ocean_post_self_hosted_media":"","ocean_post_video_embed":"","ocean_link_format":"","ocean_link_format_target":"self","ocean_quote_format":"","ocean_quote_format_link":"post","ocean_gallery_link_images":"on","ocean_gallery_id":[],"footnotes":""},"categories":[1],"tags":[],"class_list":["post-6490","post","type-post","status-publish","format-standard","hentry","category-sem-categoria","entry"],"_links":{"self":[{"href":"https:\/\/www2.unifap.br\/oiapoque\/wp-json\/wp\/v2\/posts\/6490","targetHints":{"allow":["GET"]}}],"collection":[{"href":"https:\/\/www2.unifap.br\/oiapoque\/wp-json\/wp\/v2\/posts"}],"about":[{"href":"https:\/\/www2.unifap.br\/oiapoque\/wp-json\/wp\/v2\/types\/post"}],"author":[{"embeddable":true,"href":"https:\/\/www2.unifap.br\/oiapoque\/wp-json\/wp\/v2\/users\/715"}],"replies":[{"embeddable":true,"href":"https:\/\/www2.unifap.br\/oiapoque\/wp-json\/wp\/v2\/comments?post=6490"}],"version-history":[{"count":2,"href":"https:\/\/www2.unifap.br\/oiapoque\/wp-json\/wp\/v2\/posts\/6490\/revisions"}],"predecessor-version":[{"id":6493,"href":"https:\/\/www2.unifap.br\/oiapoque\/wp-json\/wp\/v2\/posts\/6490\/revisions\/6493"}],"wp:attachment":[{"href":"https:\/\/www2.unifap.br\/oiapoque\/wp-json\/wp\/v2\/media?parent=6490"}],"wp:term":[{"taxonomy":"category","embeddable":true,"href":"https:\/\/www2.unifap.br\/oiapoque\/wp-json\/wp\/v2\/categories?post=6490"},{"taxonomy":"post_tag","embeddable":true,"href":"https:\/\/www2.unifap.br\/oiapoque\/wp-json\/wp\/v2\/tags?post=6490"}],"curies":[{"name":"wp","href":"https:\/\/api.w.org\/{rel}","templated":true}]}}