{"id":1411,"date":"2013-07-25T10:34:10","date_gmt":"2013-07-25T10:34:10","guid":{"rendered":"http:\/\/www2.unifap.br\/parfor\/?p=1411"},"modified":"2013-08-01T01:30:15","modified_gmt":"2013-08-01T01:30:15","slug":"1","status":"publish","type":"post","link":"https:\/\/www2.unifap.br\/parfor\/2013\/07\/25\/1\/","title":{"rendered":"I FEIRA INTERATIVA DE ENSINO DO CURSO DE GEOGRAFIA\/PARFOR"},"content":{"rendered":"<p><a href=\"http:\/\/www.unifap.br\/extra\/file\/file_0068705\" target=\"_blank\"><img decoding=\"async\" src=\"http:\/\/www.unifap.br\/extra\/file\/file_0068705\" alt=\"I Feira Interativa de Ensino do Curso de Geografia\/PARFOR\" \/><\/a><\/p>\n<p><span style=\"font-size: 16px\"> O Curso de Geografia PARFOR da Universidade Federal do Amap\u00e1 (UNIFAP)- Campus Marco Zero realizar\u00e1 nos dias 29 e 30 de JULHO \u00a0de 2013 a\u00a0I FEIRA INTERATIVA DE ENSINO DO CURSO DE GEOGRAFIA\/PARFOR.\u00a0O evento visa socializar metodologias, t\u00e9cnicas e instrumentos que auxiliem a pr\u00e1tica pedag\u00f3gica do docente, demostrar\u00e1 de forma interativa as diversas abordagens de ensino e aprendizagem.<\/span><\/p>\n<p><strong>P\u00daBLICO ALVO: <\/strong>licenciandos, licenciados, alunos e professores das escolas p\u00fablicas e privadas e a comunidade interessada.<\/p>\n<p>DATA:\u00a0<strong>29 e 30 de JULHO \u00a0de 2013<\/strong><\/p>\n<p><strong>Documentos para download:<\/strong><\/p>\n<p>&nbsp;<\/p>\n<dl>\n<dt>Arquivos<\/dt>\n<dd><a title=\"Projeto n\u00ba02\" href=\"http:\/\/www.unifap.br\/?fileId=68701\" target=\"_blanck\"><img decoding=\"async\" src=\"http:\/\/www.unifap.br\/imagens\/icon\/pdf.png\" border=\"0\" alt=\"?fileId=68701\" \/> 2013-07-24 17:07:45\t&#8211; Projeto n\u00ba02<\/a><\/dd>\n<dd><a title=\"Arte da Camisa\" href=\"http:\/\/www.unifap.br\/?fileId=68702\" target=\"_blanck\"><img decoding=\"async\" src=\"http:\/\/www.unifap.br\/imagens\/icon\/pdf.png\" border=\"0\" alt=\"?fileId=68702\" \/> 2013-07-24 17:07:45\t&#8211; Arte da Camisa<\/a><\/dd>\n<dd><a title=\"projeto\" href=\"http:\/\/www.unifap.br\/?fileId=68703\" target=\"_blanck\"><img decoding=\"async\" src=\"http:\/\/www.unifap.br\/imagens\/icon\/indefinido.png\" border=\"0\" alt=\"?fileId=68703\" \/> 2013-07-24 17:07:49\t&#8211; projeto<\/a><\/dd>\n<dd><a href=\"http:\/\/www.unifap.br\/extra\/file\/file_0068705\" target=\"_blank\"><img decoding=\"async\" src=\"http:\/\/www.unifap.br\/imagens\/icon\/indefinido.png\" border=\"0\" alt=\"?fileId=68703\" \/> 2013-07-25 10:32 -Logo do Evento<\/a> <\/dd>\n<dd> <\/dd>\n<\/dl>\n<div>Total de Arquivos: 4<\/div>\n<p>&nbsp;<\/p>\n<p>&nbsp;<\/p>\n<p>&nbsp;<\/p>\n<p><strong><br \/>\n<\/strong><\/p>\n<p>Rosana Torrinha Silva de Farias<\/p>\n<p>Coordenadora do COGEO\/PARFOR\/UNIFAP<\/p>\n<p>Port. N\u00ba 837\/2011<\/p>\n<p>&nbsp;<\/p>\n<p><strong><br \/>\n<\/strong><\/p>\n<p>&nbsp;<\/p>\n","protected":false},"excerpt":{"rendered":"<p>O Curso de Geografia PARFOR da Universidade Federal do Amap\u00e1 (UNIFAP)- Campus Marco Zero realizar\u00e1 nos dias 29 e 30 de JULHO \u00a0de 2013 a\u00a0I FEIRA INTERATIVA DE ENSINO DO CURSO DE GEOGRAFIA\/PARFOR.\u00a0O evento visa socializar metodologias, t\u00e9cnicas e instrumentos que auxiliem a pr\u00e1tica pedag\u00f3gica do docente, demostrar\u00e1 de forma interativa as diversas abordagens de&#8230;<\/p>\n","protected":false},"author":117,"featured_media":0,"comment_status":"open","ping_status":"open","sticky":false,"template":"","format":"gallery","meta":{"inline_featured_image":false,"ngg_post_thumbnail":0,"footnotes":""},"categories":[15,9,14],"tags":[16],"class_list":["post-1411","post","type-post","status-publish","format-gallery","hentry","category-eventos","category-informes","category-projetos-dos-cursos-do-parforunifap","tag-evento-do-cogeoparfor-2013","post_format-post-format-gallery","entry"],"_links":{"self":[{"href":"https:\/\/www2.unifap.br\/parfor\/wp-json\/wp\/v2\/posts\/1411","targetHints":{"allow":["GET"]}}],"collection":[{"href":"https:\/\/www2.unifap.br\/parfor\/wp-json\/wp\/v2\/posts"}],"about":[{"href":"https:\/\/www2.unifap.br\/parfor\/wp-json\/wp\/v2\/types\/post"}],"author":[{"embeddable":true,"href":"https:\/\/www2.unifap.br\/parfor\/wp-json\/wp\/v2\/users\/117"}],"replies":[{"embeddable":true,"href":"https:\/\/www2.unifap.br\/parfor\/wp-json\/wp\/v2\/comments?post=1411"}],"version-history":[{"count":3,"href":"https:\/\/www2.unifap.br\/parfor\/wp-json\/wp\/v2\/posts\/1411\/revisions"}],"predecessor-version":[{"id":1413,"href":"https:\/\/www2.unifap.br\/parfor\/wp-json\/wp\/v2\/posts\/1411\/revisions\/1413"}],"wp:attachment":[{"href":"https:\/\/www2.unifap.br\/parfor\/wp-json\/wp\/v2\/media?parent=1411"}],"wp:term":[{"taxonomy":"category","embeddable":true,"href":"https:\/\/www2.unifap.br\/parfor\/wp-json\/wp\/v2\/categories?post=1411"},{"taxonomy":"post_tag","embeddable":true,"href":"https:\/\/www2.unifap.br\/parfor\/wp-json\/wp\/v2\/tags?post=1411"}],"curies":[{"name":"wp","href":"https:\/\/api.w.org\/{rel}","templated":true}]}}