{"id":6884,"date":"2016-09-02T12:01:32","date_gmt":"2016-09-02T12:01:32","guid":{"rendered":"http:\/\/www2.unifap.br\/parfor\/?p=6884"},"modified":"2016-09-02T12:01:32","modified_gmt":"2016-09-02T12:01:32","slug":"comunicado-parfor","status":"publish","type":"post","link":"https:\/\/www2.unifap.br\/parfor\/2016\/09\/02\/comunicado-parfor\/","title":{"rendered":"COMUNICADO PARFOR"},"content":{"rendered":"<p class=\"MsoNoSpacing\" style=\"text-align: justify;text-indent: 35.45pt\"><b><span style=\"font-size: 12.0pt;font-family: 'Times New Roman','serif'\">A Coordena\u00e7\u00e3o Geral do PARFOR comunica aos acad\u00eamicos contemplados com o aux\u00edlio perman\u00eancia do PARFOR que foi efetivado o pagamento do respectivo benef\u00edcio, na data de 02 de setembro de 2016.<\/span><\/b><\/p>\n<p class=\"MsoNoSpacing\" style=\"text-align: center;text-indent: 35.45pt\" align=\"center\">\n<p class=\"MsoNoSpacing\" style=\"text-align: center;text-indent: 35.45pt\" align=\"center\">\n<p class=\"MsoNoSpacing\" style=\"text-align: center;text-indent: 35.45pt\" align=\"center\">\n<p class=\"MsoNoSpacing\" style=\"text-align: center;text-indent: 35.45pt\" align=\"center\">\n<p class=\"MsoNoSpacing\" style=\"text-align: center;text-indent: 35.45pt\" align=\"center\"><b style=\"text-indent: 35.45pt;line-height: 1.5em\"><span style=\"font-size: 12.0pt;font-family: 'Times New Roman','serif'\">Prof. Me. Ant\u00f4nio dos Mart\u00edrios Barros<\/span><\/b><\/p>\n<p class=\"MsoNoSpacing\" style=\"text-align: center;text-indent: 35.45pt\" align=\"center\"><b><span style=\"font-size: 12.0pt;font-family: 'Times New Roman','serif'\">Coordena\u00e7\u00e3o Geral do PARFOR<\/span><\/b><\/p>\n<p class=\"MsoNoSpacing\" style=\"text-align: center;text-indent: 35.45pt\" align=\"center\"><b><span style=\"font-size: 12.0pt;font-family: 'Times New Roman','serif'\">Portaria n\u00ba 1306\/2015-UNIFAP<\/span><\/b><\/p>\n","protected":false},"excerpt":{"rendered":"<p>A Coordena\u00e7\u00e3o Geral do PARFOR comunica aos acad\u00eamicos contemplados com o aux\u00edlio perman\u00eancia do PARFOR que foi efetivado o pagamento do respectivo benef\u00edcio, na data de 02 de setembro de 2016. Prof. Me. Ant\u00f4nio dos Mart\u00edrios Barros Coordena\u00e7\u00e3o Geral do PARFOR Portaria n\u00ba 1306\/2015-UNIFAP<\/p>\n","protected":false},"author":859,"featured_media":0,"comment_status":"open","ping_status":"open","sticky":false,"template":"","format":"standard","meta":{"inline_featured_image":false,"ngg_post_thumbnail":0,"footnotes":""},"categories":[9],"tags":[],"class_list":["post-6884","post","type-post","status-publish","format-standard","hentry","category-informes","entry"],"_links":{"self":[{"href":"https:\/\/www2.unifap.br\/parfor\/wp-json\/wp\/v2\/posts\/6884","targetHints":{"allow":["GET"]}}],"collection":[{"href":"https:\/\/www2.unifap.br\/parfor\/wp-json\/wp\/v2\/posts"}],"about":[{"href":"https:\/\/www2.unifap.br\/parfor\/wp-json\/wp\/v2\/types\/post"}],"author":[{"embeddable":true,"href":"https:\/\/www2.unifap.br\/parfor\/wp-json\/wp\/v2\/users\/859"}],"replies":[{"embeddable":true,"href":"https:\/\/www2.unifap.br\/parfor\/wp-json\/wp\/v2\/comments?post=6884"}],"version-history":[{"count":4,"href":"https:\/\/www2.unifap.br\/parfor\/wp-json\/wp\/v2\/posts\/6884\/revisions"}],"predecessor-version":[{"id":6888,"href":"https:\/\/www2.unifap.br\/parfor\/wp-json\/wp\/v2\/posts\/6884\/revisions\/6888"}],"wp:attachment":[{"href":"https:\/\/www2.unifap.br\/parfor\/wp-json\/wp\/v2\/media?parent=6884"}],"wp:term":[{"taxonomy":"category","embeddable":true,"href":"https:\/\/www2.unifap.br\/parfor\/wp-json\/wp\/v2\/categories?post=6884"},{"taxonomy":"post_tag","embeddable":true,"href":"https:\/\/www2.unifap.br\/parfor\/wp-json\/wp\/v2\/tags?post=6884"}],"curies":[{"name":"wp","href":"https:\/\/api.w.org\/{rel}","templated":true}]}}