{"id":7992,"date":"2024-12-30T18:25:53","date_gmt":"2024-12-30T18:25:53","guid":{"rendered":"https:\/\/www2.unifap.br\/parfor\/?p=7992"},"modified":"2024-12-30T18:25:53","modified_gmt":"2024-12-30T18:25:53","slug":"divulgacao-do-calendario-da-etapa-presencial-e-prazos-de-manifestacao-edital-no-10-2024","status":"publish","type":"post","link":"https:\/\/www2.unifap.br\/parfor\/2024\/12\/30\/divulgacao-do-calendario-da-etapa-presencial-e-prazos-de-manifestacao-edital-no-10-2024\/","title":{"rendered":"Divulga\u00e7\u00e3o do Calend\u00e1rio da Etapa Presencial e Prazos de Manifesta\u00e7\u00e3o \u2013 Edital n\u00ba 10\/2024"},"content":{"rendered":"<p>Divulga\u00e7\u00e3o do Calend\u00e1rio da Etapa Presencial e Prazos de Manifesta\u00e7\u00e3o \u2013 Edital n\u00ba 10\/2024<\/p>\n<p>&nbsp;<\/p>\n<p>Prezados(as),<\/p>\n<p>De acordo com o estipulado pelo <strong>Edital n\u00ba 10 de 02 de outubro de 2024 \u2013 Processo Seletivo Simplificado para Sele\u00e7\u00e3o de Professor Formador para o Curso de Licenciatura Intercultural Ind\u00edgena &#8211; PARFOR EQUIDADE<\/strong>, divulgamos o calend\u00e1rio da Etapa Presencial do referido curso <strong>PARFOR EQUIDADE Ind\u00edgena<\/strong>, referente aos meses de janeiro, fevereiro e primeira quinzena de mar\u00e7o de 2025.<\/p>\n<p>Atendendo ao <strong>item 12 do Edital<\/strong>, em seus <strong>subitens 12.1 e 12.4<\/strong>, publicizam-se as datas para manifesta\u00e7\u00e3o e aceite do Termo de Professor Formador I e II. Conforme o subitem 12.4, o prazo para manifesta\u00e7\u00e3o encerra-se no dia <strong>3 de janeiro de 2025<\/strong>.<\/p>\n<p>Ressalta-se que, em caso de n\u00e3o manifesta\u00e7\u00e3o no prazo estabelecido, fica resguardado o disposto no item 12.6 do Edital, autorizando a convoca\u00e7\u00e3o do(a) pr\u00f3ximo(a) candidato(a) conforme a ordem de classifica\u00e7\u00e3o.<\/p>\n<p>&nbsp;<\/p>\n<p><strong>Rela\u00e7\u00e3o de Professores Selecionados na Primeira Op\u00e7\u00e3o:<\/strong><\/p>\n<table width=\"623\">\n<tbody>\n<tr>\n<td width=\"67\"><strong>N\u00ba de inscri\u00e7\u00e3o<\/strong><\/td>\n<td width=\"216\"><strong>Nome do Formador \/(a)<\/strong><\/td>\n<td width=\"94\"><strong>Tipo<\/strong><\/td>\n<td width=\"246\"><strong>Componentes curricular*<\/strong><\/td>\n<\/tr>\n<tr>\n<td width=\"67\">25a2f168<\/td>\n<td width=\"216\">Evilania Bento Da Cunha<\/td>\n<td width=\"94\">Formador I<\/td>\n<td width=\"246\">Direitos Ind\u00edgenas Contempor\u00e2neos<\/td>\n<\/tr>\n<tr>\n<td width=\"67\">25a33537<\/td>\n<td width=\"216\">Evelanne Samara Alves da Silva<\/td>\n<td width=\"94\">Formador I<\/td>\n<td width=\"246\">Direitos Ind\u00edgenas Contempor\u00e2neos<\/td>\n<\/tr>\n<tr>\n<td width=\"67\">25a8d049<\/td>\n<td width=\"216\">Tadeu Lopes Machado<\/td>\n<td width=\"94\">Formador I<\/td>\n<td width=\"246\">Povos Ind\u00edgenas e Etnologia<\/td>\n<\/tr>\n<tr>\n<td width=\"67\">25a90c50<\/td>\n<td width=\"216\">Carlos Eduardo Tolosa Cardoso<\/td>\n<td width=\"94\">Formador II<\/td>\n<td width=\"246\">No\u00e7\u00f5es B\u00e1sicas de Inform\u00e1tica e<\/p>\n<p>Tecnologia Educacional<\/td>\n<\/tr>\n<tr>\n<td width=\"67\">25adc751<\/td>\n<td width=\"216\">Glauber Romling Da Silva<\/td>\n<td width=\"94\">Formador I<\/td>\n<td width=\"246\">Interpreta\u00e7\u00e3o e Produ\u00e7\u00e3o de Textos<\/td>\n<\/tr>\n<tr>\n<td width=\"67\">25ae2b57<\/td>\n<td width=\"216\">Divino Bruno Da Cunha<\/td>\n<td width=\"94\">Formador I<\/td>\n<td width=\"246\">Etnoci\u00eancia<\/td>\n<\/tr>\n<tr>\n<td width=\"67\">25af8024<\/td>\n<td width=\"216\">Mary Goncalves Fonseca<\/td>\n<td width=\"94\">Formador I<\/td>\n<td width=\"246\">Fundamentos Pedag\u00f3gicos da Educa\u00e7\u00e3o Escolar Ind\u00edgena<\/td>\n<\/tr>\n<tr>\n<td width=\"67\">&#8211;<\/td>\n<td width=\"216\">&#8211;<\/td>\n<td width=\"94\">Convidados**<\/td>\n<td width=\"246\">&#8211;<\/td>\n<\/tr>\n<\/tbody>\n<\/table>\n<p>*As datas das componentes curriculares est\u00e3o dispostas no calend\u00e1rio do <strong>Curso de Licenciatura Intercultural Ind\u00edgena &#8211; PARFOR EQUIDADE<\/strong>.<\/p>\n<p>**Os professores convidados ser\u00e3o notificados conforme a realiza\u00e7\u00e3o das atividades nas aldeias-polo, em conformidade com o Edital.<\/p>\n<p>Certos de sua colabora\u00e7\u00e3o, colocamo-nos \u00e0 disposi\u00e7\u00e3o para quaisquer esclarecimentos. Atenciosamente,<\/p>\n<p><strong>_________________________________________<\/strong><\/p>\n<p><strong>Profa. Dra. Jussara de Pinho Barreiros<\/strong><\/p>\n<p>Coordenadora do Curso Licenciatura Intercultural Ind\u00edgena \u2013 PARFOR EQUIDADE<\/p>\n<p>Portaria N\u00ba 0446-2024-PROGRAD\/UNIFAP<\/p>\n<p><a href=\"http:\/\/www2.unifap.br\/parfor\/files\/2024\/12\/Calendario-academico-1-semestre-2025-02-12-24-Pagina-Inicial.pdf\">Calendario academico &#8211; 1 semestre &#8211; 2025 &#8211; 02-12-24 &#8211; P\u00e1gina Inicial<\/a><\/p>\n<p>&nbsp;<\/p>\n","protected":false},"excerpt":{"rendered":"<p>Divulga\u00e7\u00e3o do Calend\u00e1rio da Etapa Presencial e Prazos de Manifesta\u00e7\u00e3o \u2013 Edital n\u00ba 10\/2024 &nbsp; Prezados(as), De acordo com o estipulado pelo Edital n\u00ba 10 de 02 de outubro de 2024 \u2013 Processo Seletivo Simplificado para Sele\u00e7\u00e3o de Professor Formador para o Curso de Licenciatura Intercultural Ind\u00edgena &#8211; PARFOR EQUIDADE, divulgamos o calend\u00e1rio da Etapa&#8230;<\/p>\n","protected":false},"author":3807,"featured_media":7993,"comment_status":"open","ping_status":"open","sticky":false,"template":"","format":"standard","meta":{"inline_featured_image":false,"ngg_post_thumbnail":0,"footnotes":""},"categories":[9],"tags":[],"class_list":["post-7992","post","type-post","status-publish","format-standard","has-post-thumbnail","hentry","category-informes","entry","has-media"],"_links":{"self":[{"href":"https:\/\/www2.unifap.br\/parfor\/wp-json\/wp\/v2\/posts\/7992","targetHints":{"allow":["GET"]}}],"collection":[{"href":"https:\/\/www2.unifap.br\/parfor\/wp-json\/wp\/v2\/posts"}],"about":[{"href":"https:\/\/www2.unifap.br\/parfor\/wp-json\/wp\/v2\/types\/post"}],"author":[{"embeddable":true,"href":"https:\/\/www2.unifap.br\/parfor\/wp-json\/wp\/v2\/users\/3807"}],"replies":[{"embeddable":true,"href":"https:\/\/www2.unifap.br\/parfor\/wp-json\/wp\/v2\/comments?post=7992"}],"version-history":[{"count":1,"href":"https:\/\/www2.unifap.br\/parfor\/wp-json\/wp\/v2\/posts\/7992\/revisions"}],"predecessor-version":[{"id":7995,"href":"https:\/\/www2.unifap.br\/parfor\/wp-json\/wp\/v2\/posts\/7992\/revisions\/7995"}],"wp:featuredmedia":[{"embeddable":true,"href":"https:\/\/www2.unifap.br\/parfor\/wp-json\/wp\/v2\/media\/7993"}],"wp:attachment":[{"href":"https:\/\/www2.unifap.br\/parfor\/wp-json\/wp\/v2\/media?parent=7992"}],"wp:term":[{"taxonomy":"category","embeddable":true,"href":"https:\/\/www2.unifap.br\/parfor\/wp-json\/wp\/v2\/categories?post=7992"},{"taxonomy":"post_tag","embeddable":true,"href":"https:\/\/www2.unifap.br\/parfor\/wp-json\/wp\/v2\/tags?post=7992"}],"curies":[{"name":"wp","href":"https:\/\/api.w.org\/{rel}","templated":true}]}}