{"id":8238,"date":"2025-02-08T00:04:41","date_gmt":"2025-02-08T00:04:41","guid":{"rendered":"https:\/\/www2.unifap.br\/parfor\/?p=8238"},"modified":"2025-02-08T00:04:41","modified_gmt":"2025-02-08T00:04:41","slug":"dia-7-de-fevereiro-e-celebrado-o-dia-nacional-de-luta-dos-povos-indigenas","status":"publish","type":"post","link":"https:\/\/www2.unifap.br\/parfor\/2025\/02\/08\/dia-7-de-fevereiro-e-celebrado-o-dia-nacional-de-luta-dos-povos-indigenas\/","title":{"rendered":"Dia 7 de fevereiro, \u00e9 celebrado o Dia Nacional de Luta dos Povos Ind\u00edgenas."},"content":{"rendered":"<p>Hoje, 7 de fevereiro, \u00e9 celebrado o Dia Nacional de Luta dos Povos Ind\u00edgenas. A data foi institu\u00edda para refor\u00e7ar a resist\u00eancia e os direitos dos povos ind\u00edgenas no Brasil, destacando sua luta hist\u00f3rica por territ\u00f3rio, cultura, identidade e dignidade.<\/p>\n<p>Essa data tamb\u00e9m homenageia o l\u00edder ind\u00edgena Sep\u00e9 Tiaraju, um dos principais s\u00edmbolos da resist\u00eancia ind\u00edgena no per\u00edodo colonial, morto em 1756 na luta contra as tropas portuguesas e espanholas durante a Guerra Guaran\u00edtica.<\/p>\n","protected":false},"excerpt":{"rendered":"<p>Hoje, 7 de fevereiro, \u00e9 celebrado o Dia Nacional de Luta dos Povos Ind\u00edgenas. A data foi institu\u00edda para refor\u00e7ar a resist\u00eancia e os direitos dos povos ind\u00edgenas no Brasil, destacando sua luta hist\u00f3rica por territ\u00f3rio, cultura, identidade e dignidade. Essa data tamb\u00e9m homenageia o l\u00edder ind\u00edgena Sep\u00e9 Tiaraju, um dos principais s\u00edmbolos da resist\u00eancia&#8230;<\/p>\n","protected":false},"author":3807,"featured_media":8239,"comment_status":"open","ping_status":"open","sticky":false,"template":"","format":"standard","meta":{"inline_featured_image":false,"ngg_post_thumbnail":0,"footnotes":""},"categories":[26,1],"tags":[],"class_list":["post-8238","post","type-post","status-publish","format-standard","has-post-thumbnail","hentry","category-equidade","category-sem-categoria","entry","has-media"],"_links":{"self":[{"href":"https:\/\/www2.unifap.br\/parfor\/wp-json\/wp\/v2\/posts\/8238","targetHints":{"allow":["GET"]}}],"collection":[{"href":"https:\/\/www2.unifap.br\/parfor\/wp-json\/wp\/v2\/posts"}],"about":[{"href":"https:\/\/www2.unifap.br\/parfor\/wp-json\/wp\/v2\/types\/post"}],"author":[{"embeddable":true,"href":"https:\/\/www2.unifap.br\/parfor\/wp-json\/wp\/v2\/users\/3807"}],"replies":[{"embeddable":true,"href":"https:\/\/www2.unifap.br\/parfor\/wp-json\/wp\/v2\/comments?post=8238"}],"version-history":[{"count":1,"href":"https:\/\/www2.unifap.br\/parfor\/wp-json\/wp\/v2\/posts\/8238\/revisions"}],"predecessor-version":[{"id":8240,"href":"https:\/\/www2.unifap.br\/parfor\/wp-json\/wp\/v2\/posts\/8238\/revisions\/8240"}],"wp:featuredmedia":[{"embeddable":true,"href":"https:\/\/www2.unifap.br\/parfor\/wp-json\/wp\/v2\/media\/8239"}],"wp:attachment":[{"href":"https:\/\/www2.unifap.br\/parfor\/wp-json\/wp\/v2\/media?parent=8238"}],"wp:term":[{"taxonomy":"category","embeddable":true,"href":"https:\/\/www2.unifap.br\/parfor\/wp-json\/wp\/v2\/categories?post=8238"},{"taxonomy":"post_tag","embeddable":true,"href":"https:\/\/www2.unifap.br\/parfor\/wp-json\/wp\/v2\/tags?post=8238"}],"curies":[{"name":"wp","href":"https:\/\/api.w.org\/{rel}","templated":true}]}}