{"id":1200,"date":"2016-06-10T20:12:52","date_gmt":"2016-06-10T20:12:52","guid":{"rendered":"http:\/\/www2.unifap.br\/pedagogia-oiapoque\/?p=1200"},"modified":"2016-06-28T15:30:43","modified_gmt":"2016-06-28T15:30:43","slug":"convocacao-reuniao-extraordinaria-coped","status":"publish","type":"post","link":"https:\/\/www2.unifap.br\/pedagogia-oiapoque\/2016\/06\/10\/convocacao-reuniao-extraordinaria-coped\/","title":{"rendered":"CONVOCA\u00c7\u00c3O! REUNI\u00c3O EXTRAORDIN\u00c1RIA &#8211; COPED"},"content":{"rendered":"<p>Ao corpo docente do curso de Pedagogia do Campus Binacional do Oiapoque<\/p>\n<p>Fa\u00e7o publicar a pauta da Reuni\u00e3o Extraordin\u00e1ria do Colegiado do curso de Pedagogia, a ser realizada, na pr\u00f3xima segunda-feira, dia 13\/06\/2016, das 09h \u00e0s 12h, na Sala Paulo Freire, a saber:<br \/>\n1. Sistem\u00e1tica de Avalia\u00e7\u00e3o da Aprendizagem (Resolu\u00e7\u00e3o 26\/11 CONSU).<br \/>\n2. Deliberar sobre a aprova\u00e7\u00e3o dos Planos de Ensino 2016.1<br \/>\n3. Deliberar sobre o requerimento de cancelamento do Projeto de Extens\u00e3o\u00a0<em>O ensino da educa\u00e7\u00e3o das rela\u00e7\u00f5es etnicorraciais a partir da LF n. 11.645\/08<\/em> &#8211; Prof. Fredson Costa Vulc\u00e3o.<\/p>\n<p>4.Deliberar sobre a aprova\u00e7\u00e3o do Plano de Qualifica\u00e7\u00e3o Docente 2016-2017.<br \/>\n5. Deliberar sobre o Plano de A\u00e7\u00e3o da COPED 2016.1<br \/>\n6. Deliberar sobre a semana de Orienta\u00e7\u00e3o de tese do Prof. Ademar Alves dos Santos em S\u00e3o Paulo.<br \/>\n7. Deliberar sobre a indica\u00e7\u00e3o da Prof\u00aa Luzilene Alves da Cruz para a Coordena\u00e7\u00e3o da Sala Paulo Freire e de sua vice-coordena\u00e7\u00e3o a Prof\u00aa Edmilsan de Jesus Cardoso.<\/p>\n<p>Prof. Me. Ademar Santos<\/p>\n<p>Coordena\u00e7\u00e3o<\/p>\n<p>Cambinacional do Oiapoque<\/p>\n","protected":false},"excerpt":{"rendered":"<p>Ao corpo docente do curso de Pedagogia do Campus Binacional do Oiapoque Fa\u00e7o publicar a pauta da Reuni\u00e3o Extraordin\u00e1ria do Colegiado do curso de Pedagogia, a ser realizada, na pr\u00f3xima segunda-feira, dia 13\/06\/2016, das 09h \u00e0s 12h, na Sala Paulo&hellip; <\/p>\n<p><a href=\"https:\/\/www2.unifap.br\/pedagogia-oiapoque\/2016\/06\/10\/convocacao-reuniao-extraordinaria-coped\/\" class=\"readmore-button\">Continue Reading<\/a><\/p>\n","protected":false},"author":827,"featured_media":0,"comment_status":"open","ping_status":"open","sticky":false,"template":"","format":"standard","meta":{"inline_featured_image":false,"ngg_post_thumbnail":0,"footnotes":""},"categories":[1],"tags":[],"class_list":["post-1200","post","type-post","status-publish","format-standard","hentry","category-informes"],"_links":{"self":[{"href":"https:\/\/www2.unifap.br\/pedagogia-oiapoque\/wp-json\/wp\/v2\/posts\/1200","targetHints":{"allow":["GET"]}}],"collection":[{"href":"https:\/\/www2.unifap.br\/pedagogia-oiapoque\/wp-json\/wp\/v2\/posts"}],"about":[{"href":"https:\/\/www2.unifap.br\/pedagogia-oiapoque\/wp-json\/wp\/v2\/types\/post"}],"author":[{"embeddable":true,"href":"https:\/\/www2.unifap.br\/pedagogia-oiapoque\/wp-json\/wp\/v2\/users\/827"}],"replies":[{"embeddable":true,"href":"https:\/\/www2.unifap.br\/pedagogia-oiapoque\/wp-json\/wp\/v2\/comments?post=1200"}],"version-history":[{"count":6,"href":"https:\/\/www2.unifap.br\/pedagogia-oiapoque\/wp-json\/wp\/v2\/posts\/1200\/revisions"}],"predecessor-version":[{"id":1282,"href":"https:\/\/www2.unifap.br\/pedagogia-oiapoque\/wp-json\/wp\/v2\/posts\/1200\/revisions\/1282"}],"wp:attachment":[{"href":"https:\/\/www2.unifap.br\/pedagogia-oiapoque\/wp-json\/wp\/v2\/media?parent=1200"}],"wp:term":[{"taxonomy":"category","embeddable":true,"href":"https:\/\/www2.unifap.br\/pedagogia-oiapoque\/wp-json\/wp\/v2\/categories?post=1200"},{"taxonomy":"post_tag","embeddable":true,"href":"https:\/\/www2.unifap.br\/pedagogia-oiapoque\/wp-json\/wp\/v2\/tags?post=1200"}],"curies":[{"name":"wp","href":"https:\/\/api.w.org\/{rel}","templated":true}]}}