{"id":1279,"date":"2016-07-04T14:38:57","date_gmt":"2016-07-04T14:38:57","guid":{"rendered":"http:\/\/www2.unifap.br\/pedagogia-oiapoque\/?p=1279"},"modified":"2016-07-13T23:08:46","modified_gmt":"2016-07-13T23:08:46","slug":"convocacao-reuniao-ordinaria-coped","status":"publish","type":"post","link":"https:\/\/www2.unifap.br\/pedagogia-oiapoque\/2016\/07\/04\/convocacao-reuniao-ordinaria-coped\/","title":{"rendered":"CONVOCA\u00c7\u00c3O! REUNI\u00c3O ORDIN\u00c1RIA &#8211; COPED"},"content":{"rendered":"<p>A pr\u00f3xima reuni\u00e3o ordin\u00e1ria do Colegiado do curso de Pedagogia\/Cambinacional, ser\u00e1 realizada nessa quarta-feira, dia 06\/07\/2016, das 9h \u00e0s 12h, na Sala Paulo Freire, Campus BR.<br \/>\nAguardo a presen\u00e7a de todos e todas para que possamos dar prosseguimento \u00e0s reflex\u00f5es acerca dos fundamentos did\u00e1tico-pedag\u00f3gico-administrativos do nosso curso, a partir da pauta que se segue:<br \/>\n1. Deliberar sobre o pedido de cancelamento do Projeto de Extens\u00e3o &#8220;Aus\u00eancia Intelectual ao pensar o cen\u00e1rio pol\u00edtico: onde est\u00e3o os professores?&#8221; da Profa. Doralice Alves Veiga<br \/>\n2. Plano de A\u00e7\u00e3o da COPED 2016.1: Reflex\u00f5es necess\u00e1rias &#8211; Prof. Ademar Santos<\/p>\n<p>3. Deliberar sobre as Diretrizes Normatizadoras do Trabalho de Conclus\u00e3o de Curso &#8211; TCC.<br \/>\nAtt,<br \/>\nProf. Ademar Santos<br \/>\nCoordena\u00e7\u00e3o<\/p>\n","protected":false},"excerpt":{"rendered":"<p>A pr\u00f3xima reuni\u00e3o ordin\u00e1ria do Colegiado do curso de Pedagogia\/Cambinacional, ser\u00e1 realizada nessa quarta-feira, dia 06\/07\/2016, das 9h \u00e0s 12h, na Sala Paulo Freire, Campus BR. Aguardo a presen\u00e7a de todos e todas para que possamos dar prosseguimento \u00e0s reflex\u00f5es&hellip; <\/p>\n<p><a href=\"https:\/\/www2.unifap.br\/pedagogia-oiapoque\/2016\/07\/04\/convocacao-reuniao-ordinaria-coped\/\" class=\"readmore-button\">Continue Reading<\/a><\/p>\n","protected":false},"author":827,"featured_media":0,"comment_status":"open","ping_status":"open","sticky":false,"template":"","format":"standard","meta":{"inline_featured_image":false,"ngg_post_thumbnail":0,"footnotes":""},"categories":[1],"tags":[],"class_list":["post-1279","post","type-post","status-publish","format-standard","hentry","category-informes"],"_links":{"self":[{"href":"https:\/\/www2.unifap.br\/pedagogia-oiapoque\/wp-json\/wp\/v2\/posts\/1279","targetHints":{"allow":["GET"]}}],"collection":[{"href":"https:\/\/www2.unifap.br\/pedagogia-oiapoque\/wp-json\/wp\/v2\/posts"}],"about":[{"href":"https:\/\/www2.unifap.br\/pedagogia-oiapoque\/wp-json\/wp\/v2\/types\/post"}],"author":[{"embeddable":true,"href":"https:\/\/www2.unifap.br\/pedagogia-oiapoque\/wp-json\/wp\/v2\/users\/827"}],"replies":[{"embeddable":true,"href":"https:\/\/www2.unifap.br\/pedagogia-oiapoque\/wp-json\/wp\/v2\/comments?post=1279"}],"version-history":[{"count":4,"href":"https:\/\/www2.unifap.br\/pedagogia-oiapoque\/wp-json\/wp\/v2\/posts\/1279\/revisions"}],"predecessor-version":[{"id":1288,"href":"https:\/\/www2.unifap.br\/pedagogia-oiapoque\/wp-json\/wp\/v2\/posts\/1279\/revisions\/1288"}],"wp:attachment":[{"href":"https:\/\/www2.unifap.br\/pedagogia-oiapoque\/wp-json\/wp\/v2\/media?parent=1279"}],"wp:term":[{"taxonomy":"category","embeddable":true,"href":"https:\/\/www2.unifap.br\/pedagogia-oiapoque\/wp-json\/wp\/v2\/categories?post=1279"},{"taxonomy":"post_tag","embeddable":true,"href":"https:\/\/www2.unifap.br\/pedagogia-oiapoque\/wp-json\/wp\/v2\/tags?post=1279"}],"curies":[{"name":"wp","href":"https:\/\/api.w.org\/{rel}","templated":true}]}}