{"id":1284,"date":"2016-07-08T15:26:53","date_gmt":"2016-07-08T15:26:53","guid":{"rendered":"http:\/\/www2.unifap.br\/pedagogia-oiapoque\/?p=1284"},"modified":"2016-07-13T23:11:45","modified_gmt":"2016-07-13T23:11:45","slug":"convocacao-reuniao-extraordinaria-coped-2","status":"publish","type":"post","link":"https:\/\/www2.unifap.br\/pedagogia-oiapoque\/2016\/07\/08\/convocacao-reuniao-extraordinaria-coped-2\/","title":{"rendered":"CONVOCA\u00c7\u00c3O! REUNI\u00c3O EXTRAORDIN\u00c1RIA &#8211; COPED"},"content":{"rendered":"<p>A Coordena\u00e7\u00e3o do curso de Pedagogia CONVOCA o corpo docente para a 8\u00aa Reuni\u00e3o do Colegiado, a ser realizada, nessa segunda-feira, dia 11\/07\/16, na Sala Paulo Freire, das 14h \u00e0s 18h, Campus BR-156, para a delibera\u00e7\u00e3o da seguinte Pauta:<br \/>\n1. Procedimentos para a oferta de disciplina 2016.2<br \/>\n2. Continuidade dos trabalhos de an\u00e1lise da proposta de sistematiza\u00e7\u00e3o do TCC no \u00e2mbito do curso de Pedagogia.<br \/>\n3. Chamada para submiss\u00e3o de trabalhos &#8220;II Encontro sobre Cultura Afro-brasileira &amp; I Semin\u00e1rio sobre Africanidades&#8221;<br \/>\nAtt,<br \/>\nProf\u00ba Ademar Santos<br \/>\nCoordena\u00e7\u00e3o<\/p>\n","protected":false},"excerpt":{"rendered":"<p>A Coordena\u00e7\u00e3o do curso de Pedagogia CONVOCA o corpo docente para a 8\u00aa Reuni\u00e3o do Colegiado, a ser realizada, nessa segunda-feira, dia 11\/07\/16, na Sala Paulo Freire, das 14h \u00e0s 18h, Campus BR-156, para a delibera\u00e7\u00e3o da seguinte Pauta: 1.&hellip; <\/p>\n<p><a href=\"https:\/\/www2.unifap.br\/pedagogia-oiapoque\/2016\/07\/08\/convocacao-reuniao-extraordinaria-coped-2\/\" class=\"readmore-button\">Continue Reading<\/a><\/p>\n","protected":false},"author":827,"featured_media":0,"comment_status":"open","ping_status":"open","sticky":false,"template":"","format":"standard","meta":{"inline_featured_image":false,"ngg_post_thumbnail":0,"footnotes":""},"categories":[1],"tags":[],"class_list":["post-1284","post","type-post","status-publish","format-standard","hentry","category-informes"],"_links":{"self":[{"href":"https:\/\/www2.unifap.br\/pedagogia-oiapoque\/wp-json\/wp\/v2\/posts\/1284","targetHints":{"allow":["GET"]}}],"collection":[{"href":"https:\/\/www2.unifap.br\/pedagogia-oiapoque\/wp-json\/wp\/v2\/posts"}],"about":[{"href":"https:\/\/www2.unifap.br\/pedagogia-oiapoque\/wp-json\/wp\/v2\/types\/post"}],"author":[{"embeddable":true,"href":"https:\/\/www2.unifap.br\/pedagogia-oiapoque\/wp-json\/wp\/v2\/users\/827"}],"replies":[{"embeddable":true,"href":"https:\/\/www2.unifap.br\/pedagogia-oiapoque\/wp-json\/wp\/v2\/comments?post=1284"}],"version-history":[{"count":3,"href":"https:\/\/www2.unifap.br\/pedagogia-oiapoque\/wp-json\/wp\/v2\/posts\/1284\/revisions"}],"predecessor-version":[{"id":1291,"href":"https:\/\/www2.unifap.br\/pedagogia-oiapoque\/wp-json\/wp\/v2\/posts\/1284\/revisions\/1291"}],"wp:attachment":[{"href":"https:\/\/www2.unifap.br\/pedagogia-oiapoque\/wp-json\/wp\/v2\/media?parent=1284"}],"wp:term":[{"taxonomy":"category","embeddable":true,"href":"https:\/\/www2.unifap.br\/pedagogia-oiapoque\/wp-json\/wp\/v2\/categories?post=1284"},{"taxonomy":"post_tag","embeddable":true,"href":"https:\/\/www2.unifap.br\/pedagogia-oiapoque\/wp-json\/wp\/v2\/tags?post=1284"}],"curies":[{"name":"wp","href":"https:\/\/api.w.org\/{rel}","templated":true}]}}