{"id":1287,"date":"2016-07-13T23:21:48","date_gmt":"2016-07-13T23:21:48","guid":{"rendered":"http:\/\/www2.unifap.br\/pedagogia-oiapoque\/?p=1287"},"modified":"2016-07-13T23:30:59","modified_gmt":"2016-07-13T23:30:59","slug":"convocacao-reuniao-extraordinaria-coped-3","status":"publish","type":"post","link":"https:\/\/www2.unifap.br\/pedagogia-oiapoque\/2016\/07\/13\/convocacao-reuniao-extraordinaria-coped-3\/","title":{"rendered":"CONVOCA\u00c7\u00c3O! REUNI\u00c3O EXTRAORDIN\u00c1RIA &#8211; COPED"},"content":{"rendered":"<p>Ao corpo docente do curso de Pedagogia do Campus Binacional do Oiapoque &#8211; UNIFAP<\/p>\n<p>Fa\u00e7o publicar a Pauta da 9\u00aa Reuni\u00e3o Extraordin\u00e1ria do Colegiado do curso de Pedagogia, a ser realizada, na pr\u00f3xima quinta-feira, dia 14\/07\/2016, das 14h \u00e0s 18h, na Sala Paulo Freire, a saber:<br \/>\n1. Deliberar sobre a indica\u00e7\u00e3o de uma Linha de Pesquisa para o curso.<br \/>\n2. Deliberar sobre a indica\u00e7\u00e3o de Grupos de Pesquisa e\/ou Grupos de Estudo para o curso.<br \/>\n3. Deliberar sobre as sugest\u00f5es referentes \u00e0s diretrizes e normas para o Trabalho de Conclus\u00e3o de Curso &#8211; TCC (3\u00ba encontro).<br \/>\n4. Devolutiva sobre a Forma\u00e7\u00e3o\/Capacita\u00e7\u00e3o promovida pela DIEG referente\u00a0 \u00e0s Orienta\u00e7\u00f5es acerca dos Planos de Ensino, do PAID e do Roteiro para adequa\u00e7\u00e3o do nosso PPC.<br \/>\nAtt,<\/p>\n<p>Prof. Me. Ademar Santos<\/p>\n<p>Coordena\u00e7\u00e3o<\/p>\n<p>Cambinacional do Oiapoque<\/p>\n","protected":false},"excerpt":{"rendered":"<p>Ao corpo docente do curso de Pedagogia do Campus Binacional do Oiapoque &#8211; UNIFAP Fa\u00e7o publicar a Pauta da 9\u00aa Reuni\u00e3o Extraordin\u00e1ria do Colegiado do curso de Pedagogia, a ser realizada, na pr\u00f3xima quinta-feira, dia 14\/07\/2016, das 14h \u00e0s 18h,&hellip; <\/p>\n<p><a href=\"https:\/\/www2.unifap.br\/pedagogia-oiapoque\/2016\/07\/13\/convocacao-reuniao-extraordinaria-coped-3\/\" class=\"readmore-button\">Continue Reading<\/a><\/p>\n","protected":false},"author":827,"featured_media":0,"comment_status":"open","ping_status":"open","sticky":false,"template":"","format":"standard","meta":{"inline_featured_image":false,"ngg_post_thumbnail":0,"footnotes":""},"categories":[1],"tags":[],"class_list":["post-1287","post","type-post","status-publish","format-standard","hentry","category-informes"],"_links":{"self":[{"href":"https:\/\/www2.unifap.br\/pedagogia-oiapoque\/wp-json\/wp\/v2\/posts\/1287","targetHints":{"allow":["GET"]}}],"collection":[{"href":"https:\/\/www2.unifap.br\/pedagogia-oiapoque\/wp-json\/wp\/v2\/posts"}],"about":[{"href":"https:\/\/www2.unifap.br\/pedagogia-oiapoque\/wp-json\/wp\/v2\/types\/post"}],"author":[{"embeddable":true,"href":"https:\/\/www2.unifap.br\/pedagogia-oiapoque\/wp-json\/wp\/v2\/users\/827"}],"replies":[{"embeddable":true,"href":"https:\/\/www2.unifap.br\/pedagogia-oiapoque\/wp-json\/wp\/v2\/comments?post=1287"}],"version-history":[{"count":4,"href":"https:\/\/www2.unifap.br\/pedagogia-oiapoque\/wp-json\/wp\/v2\/posts\/1287\/revisions"}],"predecessor-version":[{"id":1296,"href":"https:\/\/www2.unifap.br\/pedagogia-oiapoque\/wp-json\/wp\/v2\/posts\/1287\/revisions\/1296"}],"wp:attachment":[{"href":"https:\/\/www2.unifap.br\/pedagogia-oiapoque\/wp-json\/wp\/v2\/media?parent=1287"}],"wp:term":[{"taxonomy":"category","embeddable":true,"href":"https:\/\/www2.unifap.br\/pedagogia-oiapoque\/wp-json\/wp\/v2\/categories?post=1287"},{"taxonomy":"post_tag","embeddable":true,"href":"https:\/\/www2.unifap.br\/pedagogia-oiapoque\/wp-json\/wp\/v2\/tags?post=1287"}],"curies":[{"name":"wp","href":"https:\/\/api.w.org\/{rel}","templated":true}]}}