{"id":850,"date":"2016-01-22T12:18:28","date_gmt":"2016-01-22T12:18:28","guid":{"rendered":"http:\/\/www2.unifap.br\/pedagogia-oiapoque\/?p=850"},"modified":"2016-01-22T12:20:12","modified_gmt":"2016-01-22T12:20:12","slug":"ampla-divulgacao-do-edital-de-eleicao-para-coordenador-do-curso","status":"publish","type":"post","link":"https:\/\/www2.unifap.br\/pedagogia-oiapoque\/2016\/01\/22\/ampla-divulgacao-do-edital-de-eleicao-para-coordenador-do-curso\/","title":{"rendered":"Ampla divulga\u00e7\u00e3o do edital de elei\u00e7\u00e3o para coordenador do curso"},"content":{"rendered":"<p>Prezados,<\/p>\n<p>No intuito de proporcionarmos o m\u00e1ximo de lisura no processo eleitoral, venho proporcionar ampla divulga\u00e7\u00e3o do <a href=\"http:\/\/www2.unifap.br\/pedagogia-oiapoque\/files\/2016\/01\/Edital-de-elei\u00e7\u00e3o-para-coordena\u00e7\u00e3o-do-curso.pdf\">Edital de elei\u00e7\u00e3o para coordena\u00e7\u00e3o do curso<\/a>.<\/p>\n<p>Gostaria de salientar tamb\u00e9m que possa ser que n\u00e3o esteja no mural este edital devido ao seu peso e o \u00edm\u00e3 n\u00e3o o segurar corretamente. Entretanto, estaremos sempre tentando manter a divulga\u00e7\u00e3o por todos os meios.<\/p>\n<p>Atenciosamente,<\/p>\n<p>Profa. Edmilsan Cardoso<br \/>\nPresidente da Comiss\u00e3o Eleitoral<\/p>\n","protected":false},"excerpt":{"rendered":"<p>Prezados, No intuito de proporcionarmos o m\u00e1ximo de lisura no processo eleitoral, venho proporcionar ampla divulga\u00e7\u00e3o do Edital de elei\u00e7\u00e3o para coordena\u00e7\u00e3o do curso. Gostaria de salientar tamb\u00e9m que possa ser que n\u00e3o esteja no mural este edital devido ao&hellip; <\/p>\n<p><a href=\"https:\/\/www2.unifap.br\/pedagogia-oiapoque\/2016\/01\/22\/ampla-divulgacao-do-edital-de-eleicao-para-coordenador-do-curso\/\" class=\"readmore-button\">Continue Reading<\/a><\/p>\n","protected":false},"author":829,"featured_media":0,"comment_status":"open","ping_status":"open","sticky":false,"template":"","format":"standard","meta":{"inline_featured_image":false,"ngg_post_thumbnail":0,"footnotes":""},"categories":[1],"tags":[],"class_list":["post-850","post","type-post","status-publish","format-standard","hentry","category-informes"],"_links":{"self":[{"href":"https:\/\/www2.unifap.br\/pedagogia-oiapoque\/wp-json\/wp\/v2\/posts\/850","targetHints":{"allow":["GET"]}}],"collection":[{"href":"https:\/\/www2.unifap.br\/pedagogia-oiapoque\/wp-json\/wp\/v2\/posts"}],"about":[{"href":"https:\/\/www2.unifap.br\/pedagogia-oiapoque\/wp-json\/wp\/v2\/types\/post"}],"author":[{"embeddable":true,"href":"https:\/\/www2.unifap.br\/pedagogia-oiapoque\/wp-json\/wp\/v2\/users\/829"}],"replies":[{"embeddable":true,"href":"https:\/\/www2.unifap.br\/pedagogia-oiapoque\/wp-json\/wp\/v2\/comments?post=850"}],"version-history":[{"count":1,"href":"https:\/\/www2.unifap.br\/pedagogia-oiapoque\/wp-json\/wp\/v2\/posts\/850\/revisions"}],"predecessor-version":[{"id":852,"href":"https:\/\/www2.unifap.br\/pedagogia-oiapoque\/wp-json\/wp\/v2\/posts\/850\/revisions\/852"}],"wp:attachment":[{"href":"https:\/\/www2.unifap.br\/pedagogia-oiapoque\/wp-json\/wp\/v2\/media?parent=850"}],"wp:term":[{"taxonomy":"category","embeddable":true,"href":"https:\/\/www2.unifap.br\/pedagogia-oiapoque\/wp-json\/wp\/v2\/categories?post=850"},{"taxonomy":"post_tag","embeddable":true,"href":"https:\/\/www2.unifap.br\/pedagogia-oiapoque\/wp-json\/wp\/v2\/tags?post=850"}],"curies":[{"name":"wp","href":"https:\/\/api.w.org\/{rel}","templated":true}]}}