{"id":971,"date":"2016-03-03T14:55:59","date_gmt":"2016-03-03T14:55:59","guid":{"rendered":"http:\/\/www2.unifap.br\/pedagogia-oiapoque\/?p=971"},"modified":"2016-03-03T14:55:59","modified_gmt":"2016-03-03T14:55:59","slug":"o-mundo-encantado-do-faz-de-conta-uma-abordagem-atualizada-e-dinamica-no-campo-da-teoria-e-pratica-da-lingua-portuguesa","status":"publish","type":"post","link":"https:\/\/www2.unifap.br\/pedagogia-oiapoque\/2016\/03\/03\/o-mundo-encantado-do-faz-de-conta-uma-abordagem-atualizada-e-dinamica-no-campo-da-teoria-e-pratica-da-lingua-portuguesa\/","title":{"rendered":"\u201cO MUNDO ENCANTADO DO FAZ DE CONTA\u201d Uma abordagem atualizada e din\u00e2mica no campo da Teoria e Pr\u00e1tica da L\u00edngua Portuguesa."},"content":{"rendered":"<p>Nos dias 15 e 16 de fevereiro, acad\u00eamicos do 4\u00ba semestre de Pedagogia do Campus Binacional, organizaram apresenta\u00e7\u00f5es como propostas de atividades para a disciplina de Teoria e Pr\u00e1tica da L\u00edngua Portuguesa, ministrada pela Professora Esp. EDMILSAN DE JESUS CARDOSO.<br \/>\nEntretanto, a proposta valorizou elementos importantes dentro da L\u00edngua Portuguesa que, oportunizaram a inser\u00e7\u00e3o de temas transversais, voltados para a compreens\u00e3o e a constru\u00e7\u00e3o da realidade social, dos direitos e responsabilidades dos acad\u00eamicos frente \u00e0s diversidades da vida pessoal e coletiva.<br \/>\nPortanto adotou-se \u201cO mundo encantado do faz de conta\u201d \u2013 considerado para as crian\u00e7as um mundo de liberdade dentro do seu imagin\u00e1rio &#8211; um importante ambiente para trabalhar problem\u00e1ticas vividas por todos n\u00f3s.<br \/>\nEnt\u00e3o como artif\u00edcio mobilizador, a constru\u00e7\u00e3o de livros com literaturas infantis adaptadas, proporcionou a descobertas de v\u00e1rios talentos e compromisso com o saber social dos acad\u00eamicos e comunidade.<br \/>\n<a href=\"http:\/\/www2.unifap.br\/pedagogia-oiapoque\/files\/2016\/03\/20160215_212227-1.jpg\"><img fetchpriority=\"high\" decoding=\"async\" src=\"http:\/\/www2.unifap.br\/pedagogia-oiapoque\/files\/2016\/03\/20160215_212227-1-300x225.jpg\" alt=\"20160215_212227 (1)\" width=\"300\" height=\"225\" class=\"alignnone size-medium wp-image-972\" srcset=\"https:\/\/www2.unifap.br\/pedagogia-oiapoque\/files\/2016\/03\/20160215_212227-1-300x225.jpg 300w, https:\/\/www2.unifap.br\/pedagogia-oiapoque\/files\/2016\/03\/20160215_212227-1-1024x768.jpg 1024w, https:\/\/www2.unifap.br\/pedagogia-oiapoque\/files\/2016\/03\/20160215_212227-1.jpg 1600w\" sizes=\"(max-width: 300px) 100vw, 300px\" \/><\/a><\/p>\n<p><a href=\"http:\/\/www2.unifap.br\/pedagogia-oiapoque\/files\/2016\/03\/20160215_212245-1.jpg\"><img decoding=\"async\" src=\"http:\/\/www2.unifap.br\/pedagogia-oiapoque\/files\/2016\/03\/20160215_212245-1-300x225.jpg\" alt=\"20160215_212245 (1)\" width=\"300\" height=\"225\" class=\"alignnone size-medium wp-image-974\" srcset=\"https:\/\/www2.unifap.br\/pedagogia-oiapoque\/files\/2016\/03\/20160215_212245-1-300x225.jpg 300w, https:\/\/www2.unifap.br\/pedagogia-oiapoque\/files\/2016\/03\/20160215_212245-1-1024x768.jpg 1024w, https:\/\/www2.unifap.br\/pedagogia-oiapoque\/files\/2016\/03\/20160215_212245-1.jpg 1600w\" sizes=\"(max-width: 300px) 100vw, 300px\" \/><\/a><\/p>\n<p><a href=\"http:\/\/www2.unifap.br\/pedagogia-oiapoque\/files\/2016\/03\/20160215_212530.jpg\"><img decoding=\"async\" src=\"http:\/\/www2.unifap.br\/pedagogia-oiapoque\/files\/2016\/03\/20160215_212530-300x225.jpg\" alt=\"20160215_212530\" width=\"300\" height=\"225\" class=\"alignnone size-medium wp-image-975\" srcset=\"https:\/\/www2.unifap.br\/pedagogia-oiapoque\/files\/2016\/03\/20160215_212530-300x225.jpg 300w, https:\/\/www2.unifap.br\/pedagogia-oiapoque\/files\/2016\/03\/20160215_212530-1024x768.jpg 1024w, https:\/\/www2.unifap.br\/pedagogia-oiapoque\/files\/2016\/03\/20160215_212530.jpg 1600w\" sizes=\"(max-width: 300px) 100vw, 300px\" \/><\/a><\/p>\n<p><a href=\"http:\/\/www2.unifap.br\/pedagogia-oiapoque\/files\/2016\/03\/20160216_203820.jpg\"><img loading=\"lazy\" decoding=\"async\" src=\"http:\/\/www2.unifap.br\/pedagogia-oiapoque\/files\/2016\/03\/20160216_203820-300x225.jpg\" alt=\"20160216_203820\" width=\"300\" height=\"225\" class=\"alignnone size-medium wp-image-976\" srcset=\"https:\/\/www2.unifap.br\/pedagogia-oiapoque\/files\/2016\/03\/20160216_203820-300x225.jpg 300w, https:\/\/www2.unifap.br\/pedagogia-oiapoque\/files\/2016\/03\/20160216_203820-1024x768.jpg 1024w\" sizes=\"(max-width: 300px) 100vw, 300px\" \/><\/a><\/p>\n","protected":false},"excerpt":{"rendered":"<p>Nos dias 15 e 16 de fevereiro, acad\u00eamicos do 4\u00ba semestre de Pedagogia do Campus Binacional, organizaram apresenta\u00e7\u00f5es como propostas de atividades para a disciplina de Teoria e Pr\u00e1tica da L\u00edngua Portuguesa, ministrada pela Professora Esp. EDMILSAN DE JESUS CARDOSO.&hellip; <\/p>\n<p><a href=\"https:\/\/www2.unifap.br\/pedagogia-oiapoque\/2016\/03\/03\/o-mundo-encantado-do-faz-de-conta-uma-abordagem-atualizada-e-dinamica-no-campo-da-teoria-e-pratica-da-lingua-portuguesa\/\" class=\"readmore-button\">Continue Reading<\/a><\/p>\n","protected":false},"author":827,"featured_media":0,"comment_status":"open","ping_status":"open","sticky":false,"template":"","format":"standard","meta":{"inline_featured_image":false,"ngg_post_thumbnail":0,"footnotes":""},"categories":[1],"tags":[],"class_list":["post-971","post","type-post","status-publish","format-standard","hentry","category-informes"],"_links":{"self":[{"href":"https:\/\/www2.unifap.br\/pedagogia-oiapoque\/wp-json\/wp\/v2\/posts\/971","targetHints":{"allow":["GET"]}}],"collection":[{"href":"https:\/\/www2.unifap.br\/pedagogia-oiapoque\/wp-json\/wp\/v2\/posts"}],"about":[{"href":"https:\/\/www2.unifap.br\/pedagogia-oiapoque\/wp-json\/wp\/v2\/types\/post"}],"author":[{"embeddable":true,"href":"https:\/\/www2.unifap.br\/pedagogia-oiapoque\/wp-json\/wp\/v2\/users\/827"}],"replies":[{"embeddable":true,"href":"https:\/\/www2.unifap.br\/pedagogia-oiapoque\/wp-json\/wp\/v2\/comments?post=971"}],"version-history":[{"count":1,"href":"https:\/\/www2.unifap.br\/pedagogia-oiapoque\/wp-json\/wp\/v2\/posts\/971\/revisions"}],"predecessor-version":[{"id":977,"href":"https:\/\/www2.unifap.br\/pedagogia-oiapoque\/wp-json\/wp\/v2\/posts\/971\/revisions\/977"}],"wp:attachment":[{"href":"https:\/\/www2.unifap.br\/pedagogia-oiapoque\/wp-json\/wp\/v2\/media?parent=971"}],"wp:term":[{"taxonomy":"category","embeddable":true,"href":"https:\/\/www2.unifap.br\/pedagogia-oiapoque\/wp-json\/wp\/v2\/categories?post=971"},{"taxonomy":"post_tag","embeddable":true,"href":"https:\/\/www2.unifap.br\/pedagogia-oiapoque\/wp-json\/wp\/v2\/tags?post=971"}],"curies":[{"name":"wp","href":"https:\/\/api.w.org\/{rel}","templated":true}]}}