{"id":93,"date":"2018-02-02T15:21:19","date_gmt":"2018-02-02T15:21:19","guid":{"rendered":"http:\/\/www2.unifap.br\/poscult\/?p=93"},"modified":"2018-02-02T15:27:47","modified_gmt":"2018-02-02T15:27:47","slug":"aula-inaugural-do-curso-de-especializacao-em-estudos-culturais-e-politicas-publicas-tera-participacao-de-pesquisador-da-universidade-federal-do-mato-grosso-ufmt","status":"publish","type":"post","link":"https:\/\/www2.unifap.br\/poscult\/2018\/02\/02\/aula-inaugural-do-curso-de-especializacao-em-estudos-culturais-e-politicas-publicas-tera-participacao-de-pesquisador-da-universidade-federal-do-mato-grosso-ufmt\/","title":{"rendered":"Aula inaugural de Especializa\u00e7\u00e3o ter\u00e1 participa\u00e7\u00e3o de pesquisador da Universidade Federal do Mato Grosso (UFMT)"},"content":{"rendered":"<p><i>O Prof Yuji Gushiken \u00e9 coordenador do Programa de P\u00f3s-Gradua\u00e7\u00e3o em Estudos de Cultura Contempor\u00e2nea da Universidade Federal de Mato Grosso (UFMT) e integra o N\u00facleo de Estudos do Contempor\u00e2neo<\/i><\/p>\n<p>Acontece no dia 17 de mar\u00e7o, 9h, no audit\u00f3rio do Departamento de Letras, Artes e Comunica\u00e7\u00e3o, Campus Marco Zero, aula inaugural do Curso de Especializa\u00e7\u00e3o em Estudos Culturais e Pol\u00edticas P\u00fablicas com a presen\u00e7a do Prof Dr Yuji Gushiken.<\/p>\n<p>O pesquisador abordar\u00e1 aspectos conceituais envolvendo as investiga\u00e7\u00f5es e estudos sobre o campo cultural.<\/p>\n<p>Yuji Gushiken \u00e9 coordenador do Programa de P\u00f3s-Gradua\u00e7\u00e3o em Estudos de Cultura Contempor\u00e2nea da Universidade Federal de Mato Grosso (UFMT). O pesquisador integra do N\u00facleo de Estudos do Contempor\u00e2neo e tem como um dos interesses de pesquisa a forma\u00e7\u00e3o do campo cultural, culturas populares e comunica\u00e7\u00e3o e cidades.<\/p>\n<p>A aula marca o in\u00edcio das atividades pedag\u00f3gicas e cient\u00edficas do Curso de Especializa\u00e7\u00e3o em Estudos Culturais e Pol\u00edticas P\u00fablicas, com eventos previstos ao longo do ano de 2018 para tratar das interfaces, perspectivas e temas contempor\u00e2neos envolvendo o campo de estudos culturais e pol\u00edticas p\u00fablicas.<\/p>\n<p>A aula inaugural ser\u00e1 p\u00fablica e aberta aos pesquisadores e acad\u00eamicos interessados.<\/p>\n<p><b>In\u00edcio das aulas regulares <\/b><\/p>\n<p>As aulas da primeira turma do Curso de Especializa\u00e7\u00e3o em Estudos Culturais e Pol\u00edticas P\u00fablicas ter\u00e3o in\u00edcio no dia 3 de mar\u00e7o, na sala do laborat\u00f3rio de inform\u00e1tica do Departamento de Artes, Letras e Comunica\u00e7\u00e3o (Depla), localizada no campus Marco Zero do Equador, em Macap\u00e1 (AP).<\/p>\n<p><b>\u00a0<\/b><b>Mais informa\u00e7\u00f5es:<\/b><\/p>\n<p><b>email: <a href=\"mailto:pospcult@gmail.com\">pospcult@gmail.com<\/a><\/b><\/p>\n<p><b>\u00a0<\/b><\/p>\n","protected":false},"excerpt":{"rendered":"<p>O Prof Yuji Gushiken \u00e9 coordenador do Programa de P\u00f3s-Gradua\u00e7\u00e3o em Estudos de Cultura Contempor\u00e2nea da Universidade Federal de Mato Grosso (UFMT) e integra o N\u00facleo de Estudos do Contempor\u00e2neo Acontece no dia 17 de mar\u00e7o, 9h, no audit\u00f3rio do&hellip; <\/p>\n<p><a href=\"https:\/\/www2.unifap.br\/poscult\/2018\/02\/02\/aula-inaugural-do-curso-de-especializacao-em-estudos-culturais-e-politicas-publicas-tera-participacao-de-pesquisador-da-universidade-federal-do-mato-grosso-ufmt\/\" class=\"readmore-button\">Continue Reading<\/a><\/p>\n","protected":false},"author":1844,"featured_media":0,"comment_status":"open","ping_status":"open","sticky":false,"template":"","format":"standard","meta":{"inline_featured_image":false,"ngg_post_thumbnail":0,"footnotes":""},"categories":[1],"tags":[],"class_list":["post-93","post","type-post","status-publish","format-standard","hentry","category-sem-categoria"],"_links":{"self":[{"href":"https:\/\/www2.unifap.br\/poscult\/wp-json\/wp\/v2\/posts\/93","targetHints":{"allow":["GET"]}}],"collection":[{"href":"https:\/\/www2.unifap.br\/poscult\/wp-json\/wp\/v2\/posts"}],"about":[{"href":"https:\/\/www2.unifap.br\/poscult\/wp-json\/wp\/v2\/types\/post"}],"author":[{"embeddable":true,"href":"https:\/\/www2.unifap.br\/poscult\/wp-json\/wp\/v2\/users\/1844"}],"replies":[{"embeddable":true,"href":"https:\/\/www2.unifap.br\/poscult\/wp-json\/wp\/v2\/comments?post=93"}],"version-history":[{"count":6,"href":"https:\/\/www2.unifap.br\/poscult\/wp-json\/wp\/v2\/posts\/93\/revisions"}],"predecessor-version":[{"id":102,"href":"https:\/\/www2.unifap.br\/poscult\/wp-json\/wp\/v2\/posts\/93\/revisions\/102"}],"wp:attachment":[{"href":"https:\/\/www2.unifap.br\/poscult\/wp-json\/wp\/v2\/media?parent=93"}],"wp:term":[{"taxonomy":"category","embeddable":true,"href":"https:\/\/www2.unifap.br\/poscult\/wp-json\/wp\/v2\/categories?post=93"},{"taxonomy":"post_tag","embeddable":true,"href":"https:\/\/www2.unifap.br\/poscult\/wp-json\/wp\/v2\/tags?post=93"}],"curies":[{"name":"wp","href":"https:\/\/api.w.org\/{rel}","templated":true}]}}