{"id":1092,"date":"2018-03-27T20:24:13","date_gmt":"2018-03-27T20:24:13","guid":{"rendered":"http:\/\/www2.unifap.br\/ppcs\/?p=1092"},"modified":"2023-03-08T17:12:46","modified_gmt":"2023-03-08T20:12:46","slug":"convite-defesa-de-dissertacao-12","status":"publish","type":"post","link":"https:\/\/www2.unifap.br\/ppcs\/2018\/03\/27\/convite-defesa-de-dissertacao-12\/","title":{"rendered":"CONVITE &#8211; DEFESA DE DISSERTA\u00c7\u00c3O"},"content":{"rendered":"<p align=\"center\"><b>CONVITE<\/b><\/p>\n<p align=\"justify\">\n<p align=\"justify\">A Coordena\u00e7\u00e3o do Programa de P\u00f3s-Gradua\u00e7\u00e3o em Ci\u00eancias da Sa\u00fade, da Universidade Federal do Amap\u00e1, sente-se honrada em convidar Vossa Senhoria para assistir \u00e0 sess\u00e3o p\u00fablica da defesa de disserta\u00e7\u00e3o que ser\u00e1 realizada no dia 05.04.18, quinta-feira, conforme abaixo:<\/p>\n<p align=\"justify\">\n<p align=\"left\"><b>Hora<\/b>: 09h<\/p>\n<p align=\"left\"><b>Local:<\/b> UNIFAP, Sala 3 do Bloco da P\u00f3s-Gradua\u00e7\u00e3o .<\/p>\n<p align=\"left\"><b>Mestrando (a): <\/b>Mayerli Garcia Saavedra<\/p>\n<p align=\"left\">\n<p align=\"left\"><b>Orientador (a):<\/b> Dr. Raimundo Nonato Pican\u00e7o Souto<\/p>\n<p align=\"justify\"><b>Titulo: \u201cAVALIA\u00c7\u00c3O DA ATIVIDADE LARVICIDA DA NANOEMULS\u00c3O DO \u00d3LEO ESSENCIAL DE <\/b><i><b>Philodendron fragrantissimum<\/b><\/i><b> (Araceae) frente ao mosquito <\/b><i><b>Aedes aegypti<\/b><\/i><b> (Diptera: culiciadae)\u201d.<\/b><\/p>\n<p align=\"justify\">\n<p align=\"justify\">\n<p align=\"justify\">\n<p align=\"right\"><i><b>Prof. Dr. Fernando Antonio de Medeiros<\/b><\/i><\/p>\n<p align=\"right\"><i><b>Coordenador do P<\/b><\/i><\/p>\n","protected":false},"excerpt":{"rendered":"<p>CONVITE A Coordena\u00e7\u00e3o do Programa de P\u00f3s-Gradua\u00e7\u00e3o em Ci\u00eancias da Sa\u00fade, da Universidade Federal do Amap\u00e1, sente-se honrada em convidar Vossa Senhoria para assistir \u00e0 sess\u00e3o p\u00fablica da defesa de disserta\u00e7\u00e3o que ser\u00e1 realizada no dia 05.04.18, quinta-feira, conforme abaixo: Hora: 09h Local: UNIFAP, Sala 3 do Bloco da P\u00f3s-Gradua\u00e7\u00e3o \u2026 <a class=\"continue-reading-link\" href=\"https:\/\/www2.unifap.br\/ppcs\/2018\/03\/27\/convite-defesa-de-dissertacao-12\/\"> Continue Lendo <span class=\"meta-nav\">&rarr; <\/span><\/a><\/p>\n","protected":false},"author":308,"featured_media":0,"comment_status":"closed","ping_status":"open","sticky":false,"template":"","format":"standard","meta":{"inline_featured_image":false,"ngg_post_thumbnail":0,"footnotes":""},"categories":[1],"tags":[],"class_list":["post-1092","post","type-post","status-publish","format-standard","hentry","category-sem-categoria"],"_links":{"self":[{"href":"https:\/\/www2.unifap.br\/ppcs\/wp-json\/wp\/v2\/posts\/1092","targetHints":{"allow":["GET"]}}],"collection":[{"href":"https:\/\/www2.unifap.br\/ppcs\/wp-json\/wp\/v2\/posts"}],"about":[{"href":"https:\/\/www2.unifap.br\/ppcs\/wp-json\/wp\/v2\/types\/post"}],"author":[{"embeddable":true,"href":"https:\/\/www2.unifap.br\/ppcs\/wp-json\/wp\/v2\/users\/308"}],"replies":[{"embeddable":true,"href":"https:\/\/www2.unifap.br\/ppcs\/wp-json\/wp\/v2\/comments?post=1092"}],"version-history":[{"count":1,"href":"https:\/\/www2.unifap.br\/ppcs\/wp-json\/wp\/v2\/posts\/1092\/revisions"}],"predecessor-version":[{"id":1093,"href":"https:\/\/www2.unifap.br\/ppcs\/wp-json\/wp\/v2\/posts\/1092\/revisions\/1093"}],"wp:attachment":[{"href":"https:\/\/www2.unifap.br\/ppcs\/wp-json\/wp\/v2\/media?parent=1092"}],"wp:term":[{"taxonomy":"category","embeddable":true,"href":"https:\/\/www2.unifap.br\/ppcs\/wp-json\/wp\/v2\/categories?post=1092"},{"taxonomy":"post_tag","embeddable":true,"href":"https:\/\/www2.unifap.br\/ppcs\/wp-json\/wp\/v2\/tags?post=1092"}],"curies":[{"name":"wp","href":"https:\/\/api.w.org\/{rel}","templated":true}]}}