{"id":1434,"date":"2019-06-13T17:35:22","date_gmt":"2019-06-13T17:35:22","guid":{"rendered":"http:\/\/www2.unifap.br\/ppcs\/?p=1434"},"modified":"2023-03-08T17:12:46","modified_gmt":"2023-03-08T20:12:46","slug":"convite-defesa-de-dissertacao-44","status":"publish","type":"post","link":"https:\/\/www2.unifap.br\/ppcs\/2019\/06\/13\/convite-defesa-de-dissertacao-44\/","title":{"rendered":"CONVITE &#8211; DEFESA DE DISSERTA\u00c7\u00c3O"},"content":{"rendered":"<p>CONVITE<\/p>\n<p>&nbsp;<\/p>\n<p>A Coordena\u00e7\u00e3o do Programa de P\u00f3s-Gradua\u00e7\u00e3o em Ci\u00eancias da Sa\u00fade, da Universidade Federal do Amap\u00e1, sente-se honrada em convidar Vossa Senhoria para assistir \u00e0 sess\u00e3o p\u00fablica da defesa de disserta\u00e7\u00e3o que ser\u00e1 realizada no dia 13.06.19, quinta-feira, conforme abaixo:<\/p>\n<p>&nbsp;<\/p>\n<p><strong>Hora<\/strong>: 16h<\/p>\n<p><strong>Local:<\/strong> UNIFAP, Sala de Professores do Bloco de Medicina.<\/p>\n<p><strong>Mestrando (a): <\/strong>Monizi Costa Aires<\/p>\n<p>&nbsp;<\/p>\n<p><strong>Coorientador (a):<\/strong> Dra. Elza Caroline Alves Muller<\/p>\n<p><strong>Titulo: \u201cAVALIA\u00c7\u00c3O MICROBIOL\u00d3GICA E HIGI\u00caNICO-SANIT\u00c1RIA DO SALM\u00c3O (SASHIMI) COMERCIALIZADO EM RESTAURANTE ESPECIALIZADO NA CULIN\u00c1RIA JAPONESA DA CIDADE DE MACAP\u00c1, AMAP\u00c1\u201d.<\/strong><\/p>\n<p><strong>\u00a0<\/strong><\/p>\n<p><strong>\u00a0<\/strong><\/p>\n<p><strong>\u00a0<\/strong><\/p>\n<p><strong><em>Profa. Dra. Alessandra Azevedo do Nascimento <\/em><\/strong><\/p>\n<p><strong><em>Coordenadora do Programa<\/em><\/strong><\/p>\n<p><strong><em>Portaria N\u00ba 2067\/2018<\/em><\/strong><\/p>\n<p>&nbsp;<\/p>\n","protected":false},"excerpt":{"rendered":"<p>CONVITE &nbsp; A Coordena\u00e7\u00e3o do Programa de P\u00f3s-Gradua\u00e7\u00e3o em Ci\u00eancias da Sa\u00fade, da Universidade Federal do Amap\u00e1, sente-se honrada em convidar Vossa Senhoria para assistir \u00e0 sess\u00e3o p\u00fablica da defesa de disserta\u00e7\u00e3o que ser\u00e1 realizada no dia 13.06.19, quinta-feira, conforme abaixo: &nbsp; Hora: 16h Local: UNIFAP, Sala de Professores do \u2026 <a class=\"continue-reading-link\" href=\"https:\/\/www2.unifap.br\/ppcs\/2019\/06\/13\/convite-defesa-de-dissertacao-44\/\"> Continue Lendo <span class=\"meta-nav\">&rarr; <\/span><\/a><\/p>\n","protected":false},"author":308,"featured_media":0,"comment_status":"closed","ping_status":"open","sticky":false,"template":"","format":"standard","meta":{"inline_featured_image":false,"ngg_post_thumbnail":0,"footnotes":""},"categories":[1],"tags":[],"class_list":["post-1434","post","type-post","status-publish","format-standard","hentry","category-sem-categoria"],"_links":{"self":[{"href":"https:\/\/www2.unifap.br\/ppcs\/wp-json\/wp\/v2\/posts\/1434","targetHints":{"allow":["GET"]}}],"collection":[{"href":"https:\/\/www2.unifap.br\/ppcs\/wp-json\/wp\/v2\/posts"}],"about":[{"href":"https:\/\/www2.unifap.br\/ppcs\/wp-json\/wp\/v2\/types\/post"}],"author":[{"embeddable":true,"href":"https:\/\/www2.unifap.br\/ppcs\/wp-json\/wp\/v2\/users\/308"}],"replies":[{"embeddable":true,"href":"https:\/\/www2.unifap.br\/ppcs\/wp-json\/wp\/v2\/comments?post=1434"}],"version-history":[{"count":2,"href":"https:\/\/www2.unifap.br\/ppcs\/wp-json\/wp\/v2\/posts\/1434\/revisions"}],"predecessor-version":[{"id":1436,"href":"https:\/\/www2.unifap.br\/ppcs\/wp-json\/wp\/v2\/posts\/1434\/revisions\/1436"}],"wp:attachment":[{"href":"https:\/\/www2.unifap.br\/ppcs\/wp-json\/wp\/v2\/media?parent=1434"}],"wp:term":[{"taxonomy":"category","embeddable":true,"href":"https:\/\/www2.unifap.br\/ppcs\/wp-json\/wp\/v2\/categories?post=1434"},{"taxonomy":"post_tag","embeddable":true,"href":"https:\/\/www2.unifap.br\/ppcs\/wp-json\/wp\/v2\/tags?post=1434"}],"curies":[{"name":"wp","href":"https:\/\/api.w.org\/{rel}","templated":true}]}}