{"id":1602,"date":"2020-06-17T03:00:22","date_gmt":"2020-06-17T03:00:22","guid":{"rendered":"http:\/\/www2.unifap.br\/ppcs\/?p=1602"},"modified":"2023-03-08T17:12:45","modified_gmt":"2023-03-08T20:12:45","slug":"i-congresso-brasileiro-interdisciplinar-em-ciencia-e-tecnologia","status":"publish","type":"post","link":"https:\/\/www2.unifap.br\/ppcs\/2020\/06\/17\/i-congresso-brasileiro-interdisciplinar-em-ciencia-e-tecnologia\/","title":{"rendered":"I Congresso Brasileiro Interdisciplinar em Ci\u00eancia e Tecnologia"},"content":{"rendered":"<p style=\"font-weight: 400\"><a href=\"http:\/\/www2.unifap.br\/ppcs\/files\/2020\/06\/image001.jpg\"><img fetchpriority=\"high\" decoding=\"async\" class=\"alignnone size-medium wp-image-1603\" src=\"http:\/\/www2.unifap.br\/ppcs\/files\/2020\/06\/image001-233x300.jpg\" alt=\"\" width=\"233\" height=\"300\" srcset=\"https:\/\/www2.unifap.br\/ppcs\/files\/2020\/06\/image001-233x300.jpg 233w, https:\/\/www2.unifap.br\/ppcs\/files\/2020\/06\/image001.jpg 537w\" sizes=\"(max-width: 233px) 100vw, 233px\" \/><\/a><\/p>\n<p style=\"font-weight: 400\">Mais informa\u00e7\u00f5es e inscri\u00e7\u00f5es no site oficial:&nbsp;<a href=\"https:\/\/www.even3.com.br\/icobicet2020\">https:\/\/www.even3.com.br\/icobicet2020<\/a>&nbsp;<\/p>\n","protected":false},"excerpt":{"rendered":"<p>Mais informa\u00e7\u00f5es e inscri\u00e7\u00f5es no site oficial:&nbsp;https:\/\/www.even3.com.br\/icobicet2020&nbsp;<\/p>\n","protected":false},"author":3848,"featured_media":0,"comment_status":"closed","ping_status":"open","sticky":false,"template":"","format":"standard","meta":{"inline_featured_image":false,"ngg_post_thumbnail":0,"footnotes":""},"categories":[1],"tags":[],"class_list":["post-1602","post","type-post","status-publish","format-standard","hentry","category-sem-categoria"],"_links":{"self":[{"href":"https:\/\/www2.unifap.br\/ppcs\/wp-json\/wp\/v2\/posts\/1602","targetHints":{"allow":["GET"]}}],"collection":[{"href":"https:\/\/www2.unifap.br\/ppcs\/wp-json\/wp\/v2\/posts"}],"about":[{"href":"https:\/\/www2.unifap.br\/ppcs\/wp-json\/wp\/v2\/types\/post"}],"author":[{"embeddable":true,"href":"https:\/\/www2.unifap.br\/ppcs\/wp-json\/wp\/v2\/users\/3848"}],"replies":[{"embeddable":true,"href":"https:\/\/www2.unifap.br\/ppcs\/wp-json\/wp\/v2\/comments?post=1602"}],"version-history":[{"count":1,"href":"https:\/\/www2.unifap.br\/ppcs\/wp-json\/wp\/v2\/posts\/1602\/revisions"}],"predecessor-version":[{"id":1604,"href":"https:\/\/www2.unifap.br\/ppcs\/wp-json\/wp\/v2\/posts\/1602\/revisions\/1604"}],"wp:attachment":[{"href":"https:\/\/www2.unifap.br\/ppcs\/wp-json\/wp\/v2\/media?parent=1602"}],"wp:term":[{"taxonomy":"category","embeddable":true,"href":"https:\/\/www2.unifap.br\/ppcs\/wp-json\/wp\/v2\/categories?post=1602"},{"taxonomy":"post_tag","embeddable":true,"href":"https:\/\/www2.unifap.br\/ppcs\/wp-json\/wp\/v2\/tags?post=1602"}],"curies":[{"name":"wp","href":"https:\/\/api.w.org\/{rel}","templated":true}]}}