{"id":2210,"date":"2021-06-23T21:04:04","date_gmt":"2021-06-24T00:04:04","guid":{"rendered":"http:\/\/www2.unifap.br\/ppcs\/?p=2210"},"modified":"2023-03-08T17:12:44","modified_gmt":"2023-03-08T20:12:44","slug":"relacao-final-dos-aprovados-por-orientador","status":"publish","type":"post","link":"https:\/\/www2.unifap.br\/ppcs\/2021\/06\/23\/relacao-final-dos-aprovados-por-orientador\/","title":{"rendered":"Rela\u00e7\u00e3o final dos aprovados por orientador"},"content":{"rendered":"<p><a href=\"http:\/\/www2.unifap.br\/ppcs\/files\/2021\/06\/CABE\u00c7ALHO_PPGCS.jpg\"><img fetchpriority=\"high\" decoding=\"async\" class=\"aligncenter size-full wp-image-2154\" src=\"http:\/\/www2.unifap.br\/ppcs\/files\/2021\/06\/CABE\u00c7ALHO_PPGCS.jpg\" alt=\"\" width=\"859\" height=\"141\" srcset=\"https:\/\/www2.unifap.br\/ppcs\/files\/2021\/06\/CABE\u00c7ALHO_PPGCS.jpg 859w, https:\/\/www2.unifap.br\/ppcs\/files\/2021\/06\/CABE\u00c7ALHO_PPGCS-300x49.jpg 300w, https:\/\/www2.unifap.br\/ppcs\/files\/2021\/06\/CABE\u00c7ALHO_PPGCS-768x126.jpg 768w\" sizes=\"(max-width: 859px) 100vw, 859px\" \/><\/a><\/p>\n<p style=\"text-align: center\"><strong>EDITAL N\u00ba 01\/2021-PPGCS\/UNIFAP, 29 de MAR\u00c7O de 2021<\/strong><\/p>\n<p style=\"text-align: center\">A Coordena\u00e7\u00e3o do Programa de P\u00f3s-Gradua\u00e7\u00e3o em Ci\u00eancias da Sa\u00fade (PPGCS) da Universidade Federal do Amap\u00e1 (UNIFAP), no uso de suas atribui\u00e7\u00f5es, torna p\u00fablico a <strong>Rela\u00e7\u00e3o Final dos Aprovados por Orientador, <\/strong>conforme disposto abaixo:<\/p>\n<p style=\"text-align: center\"><strong><a href=\"http:\/\/www2.unifap.br\/ppcs\/files\/2021\/06\/RELA\u00c7\u00c3O-FINAL-DOS-APROVADOS-PS_2021_PPGCS.pdf\">RELA\u00c7\u00c3O FINAL DOS APROVADOS PS_2021_PPGCS<\/a><\/strong><\/p>\n<p style=\"text-align: right\"><strong>A Coordena\u00e7\u00e3o.<\/strong><\/p>\n<p>&nbsp;<\/p>\n","protected":false},"excerpt":{"rendered":"<p>EDITAL N\u00ba 01\/2021-PPGCS\/UNIFAP, 29 de MAR\u00c7O de 2021 A Coordena\u00e7\u00e3o do Programa de P\u00f3s-Gradua\u00e7\u00e3o em Ci\u00eancias da Sa\u00fade (PPGCS) da Universidade Federal do Amap\u00e1 (UNIFAP), no uso de suas atribui\u00e7\u00f5es, torna p\u00fablico a Rela\u00e7\u00e3o Final dos Aprovados por Orientador, conforme disposto abaixo: RELA\u00c7\u00c3O FINAL DOS APROVADOS PS_2021_PPGCS A Coordena\u00e7\u00e3o. &nbsp;<\/p>\n","protected":false},"author":3848,"featured_media":0,"comment_status":"closed","ping_status":"open","sticky":false,"template":"","format":"standard","meta":{"inline_featured_image":false,"ngg_post_thumbnail":0,"footnotes":""},"categories":[1],"tags":[],"class_list":["post-2210","post","type-post","status-publish","format-standard","hentry","category-sem-categoria"],"_links":{"self":[{"href":"https:\/\/www2.unifap.br\/ppcs\/wp-json\/wp\/v2\/posts\/2210","targetHints":{"allow":["GET"]}}],"collection":[{"href":"https:\/\/www2.unifap.br\/ppcs\/wp-json\/wp\/v2\/posts"}],"about":[{"href":"https:\/\/www2.unifap.br\/ppcs\/wp-json\/wp\/v2\/types\/post"}],"author":[{"embeddable":true,"href":"https:\/\/www2.unifap.br\/ppcs\/wp-json\/wp\/v2\/users\/3848"}],"replies":[{"embeddable":true,"href":"https:\/\/www2.unifap.br\/ppcs\/wp-json\/wp\/v2\/comments?post=2210"}],"version-history":[{"count":3,"href":"https:\/\/www2.unifap.br\/ppcs\/wp-json\/wp\/v2\/posts\/2210\/revisions"}],"predecessor-version":[{"id":2214,"href":"https:\/\/www2.unifap.br\/ppcs\/wp-json\/wp\/v2\/posts\/2210\/revisions\/2214"}],"wp:attachment":[{"href":"https:\/\/www2.unifap.br\/ppcs\/wp-json\/wp\/v2\/media?parent=2210"}],"wp:term":[{"taxonomy":"category","embeddable":true,"href":"https:\/\/www2.unifap.br\/ppcs\/wp-json\/wp\/v2\/categories?post=2210"},{"taxonomy":"post_tag","embeddable":true,"href":"https:\/\/www2.unifap.br\/ppcs\/wp-json\/wp\/v2\/tags?post=2210"}],"curies":[{"name":"wp","href":"https:\/\/api.w.org\/{rel}","templated":true}]}}