{"id":2267,"date":"2021-08-19T12:04:38","date_gmt":"2021-08-19T15:04:38","guid":{"rendered":"http:\/\/www2.unifap.br\/ppcs\/?p=2267"},"modified":"2023-03-08T17:12:44","modified_gmt":"2023-03-08T20:12:44","slug":"chamada-interna-para-bolsas-demanda-social","status":"publish","type":"post","link":"https:\/\/www2.unifap.br\/ppcs\/2021\/08\/19\/chamada-interna-para-bolsas-demanda-social\/","title":{"rendered":"CHAMADA INTERNA PARA BOLSAS DEMANDA SOCIAL"},"content":{"rendered":"<p><a href=\"http:\/\/www2.unifap.br\/ppcs\/files\/2021\/06\/CABE\u00c7ALHO_PPGCS.jpg\"><img fetchpriority=\"high\" decoding=\"async\" class=\"aligncenter size-full wp-image-2154\" src=\"http:\/\/www2.unifap.br\/ppcs\/files\/2021\/06\/CABE\u00c7ALHO_PPGCS.jpg\" alt=\"\" width=\"859\" height=\"141\" srcset=\"https:\/\/www2.unifap.br\/ppcs\/files\/2021\/06\/CABE\u00c7ALHO_PPGCS.jpg 859w, https:\/\/www2.unifap.br\/ppcs\/files\/2021\/06\/CABE\u00c7ALHO_PPGCS-300x49.jpg 300w, https:\/\/www2.unifap.br\/ppcs\/files\/2021\/06\/CABE\u00c7ALHO_PPGCS-768x126.jpg 768w\" sizes=\"(max-width: 859px) 100vw, 859px\" \/><\/a><\/p>\n<h1 style=\"text-align: center\"><span style=\"color: #ff0000\"><strong>ATEN\u00c7\u00c3O<\/strong><\/span><\/h1>\n<h2 style=\"text-align: center\">O Programa de P\u00f3s-gradua\u00e7\u00e3o em Ci\u00eancias da Sa\u00fade convoca discentes das turmas <span style=\"color: #ff0000\">2020 e 2021<\/span> para inscri\u00e7\u00f5es no processo de sele\u00e7\u00e3o de bolsas Demanda Social \u2013 CAPES.<\/h2>\n<h1 style=\"text-align: center\"><a href=\"http:\/\/www2.unifap.br\/ppcs\/files\/2021\/08\/print-cronograma-ed-03-2021.jpg\"><img decoding=\"async\" class=\"aligncenter size-full wp-image-2272\" src=\"http:\/\/www2.unifap.br\/ppcs\/files\/2021\/08\/print-cronograma-ed-03-2021.jpg\" alt=\"\" width=\"828\" height=\"520\" srcset=\"https:\/\/www2.unifap.br\/ppcs\/files\/2021\/08\/print-cronograma-ed-03-2021.jpg 828w, https:\/\/www2.unifap.br\/ppcs\/files\/2021\/08\/print-cronograma-ed-03-2021-300x188.jpg 300w, https:\/\/www2.unifap.br\/ppcs\/files\/2021\/08\/print-cronograma-ed-03-2021-768x482.jpg 768w\" sizes=\"(max-width: 828px) 100vw, 828px\" \/><\/a><\/h1>\n<h3 style=\"text-align: right\">A COORDENA\u00c7\u00c3O.<\/h3>\n","protected":false},"excerpt":{"rendered":"<p>ATEN\u00c7\u00c3O O Programa de P\u00f3s-gradua\u00e7\u00e3o em Ci\u00eancias da Sa\u00fade convoca discentes das turmas 2020 e 2021 para inscri\u00e7\u00f5es no processo de sele\u00e7\u00e3o de bolsas Demanda Social \u2013 CAPES. A COORDENA\u00c7\u00c3O.<\/p>\n","protected":false},"author":3848,"featured_media":0,"comment_status":"closed","ping_status":"open","sticky":false,"template":"","format":"standard","meta":{"inline_featured_image":false,"ngg_post_thumbnail":0,"footnotes":""},"categories":[1],"tags":[],"class_list":["post-2267","post","type-post","status-publish","format-standard","hentry","category-sem-categoria"],"_links":{"self":[{"href":"https:\/\/www2.unifap.br\/ppcs\/wp-json\/wp\/v2\/posts\/2267","targetHints":{"allow":["GET"]}}],"collection":[{"href":"https:\/\/www2.unifap.br\/ppcs\/wp-json\/wp\/v2\/posts"}],"about":[{"href":"https:\/\/www2.unifap.br\/ppcs\/wp-json\/wp\/v2\/types\/post"}],"author":[{"embeddable":true,"href":"https:\/\/www2.unifap.br\/ppcs\/wp-json\/wp\/v2\/users\/3848"}],"replies":[{"embeddable":true,"href":"https:\/\/www2.unifap.br\/ppcs\/wp-json\/wp\/v2\/comments?post=2267"}],"version-history":[{"count":5,"href":"https:\/\/www2.unifap.br\/ppcs\/wp-json\/wp\/v2\/posts\/2267\/revisions"}],"predecessor-version":[{"id":2274,"href":"https:\/\/www2.unifap.br\/ppcs\/wp-json\/wp\/v2\/posts\/2267\/revisions\/2274"}],"wp:attachment":[{"href":"https:\/\/www2.unifap.br\/ppcs\/wp-json\/wp\/v2\/media?parent=2267"}],"wp:term":[{"taxonomy":"category","embeddable":true,"href":"https:\/\/www2.unifap.br\/ppcs\/wp-json\/wp\/v2\/categories?post=2267"},{"taxonomy":"post_tag","embeddable":true,"href":"https:\/\/www2.unifap.br\/ppcs\/wp-json\/wp\/v2\/tags?post=2267"}],"curies":[{"name":"wp","href":"https:\/\/api.w.org\/{rel}","templated":true}]}}