{"id":761,"date":"2015-05-29T14:47:54","date_gmt":"2015-05-29T14:47:54","guid":{"rendered":"http:\/\/www2.unifap.br\/ppcs\/?p=761"},"modified":"2023-03-08T17:12:46","modified_gmt":"2023-03-08T20:12:46","slug":"convite-palestra-evolucao-dos-conceitos-de-etica-em-pesquisa-e-da-boa-pratica-clinica","status":"publish","type":"post","link":"https:\/\/www2.unifap.br\/ppcs\/2015\/05\/29\/convite-palestra-evolucao-dos-conceitos-de-etica-em-pesquisa-e-da-boa-pratica-clinica\/","title":{"rendered":"CONVITE: Palestra &#8220;Evolu\u00e7\u00e3o dos conceitos de \u00e9tica em pesquisa e da boa pr\u00e1tica cl\u00ednica&#8221;"},"content":{"rendered":"<p>CONVITE<\/p>\n<p>&nbsp;<\/p>\n<p>O Programa de P\u00f3s-Gradua\u00e7\u00e3o em Ci\u00eancias da Sa\u00fade (PPGCS), da Universidade Federal do Amap\u00e1, convida os acad\u00eamicos do Mestrado em Ci\u00eancias da Sa\u00fade e os m\u00e9dicos residentes dos PRM&#8217;s da Unifap e do Hospital S\u00e3o Camilo para assistir palestra intitulada <b>&#8220;Evolu\u00e7\u00e3o dos conceitos de \u00e9tica em pesquisa e da boa pr\u00e1tica cl\u00ednica&#8221;, <\/b>que ser\u00e1 ministrada pelo Prof. Dr. Jorge Hallak, \u00a0a ser realizada no dia 11 de Junho de 2015, de 15:00 \u00e0s 18:00h, no audit\u00f3rio multi-uso do Centro de Estudos da Amaz\u00f4nia.<\/p>\n<p>&nbsp;<\/p>\n<p>O Prof. Dr. Jorge Hallak \u00e9 m\u00e9dico-assistente Doutor e Chefe do Setor de Andrologia, Divis\u00e3o de Cl\u00ednica Urol\u00f3gica do Hospital de Cl\u00ednicas da Faculdade de Medicina da Universidade de S\u00e3o Paulo. Coordenador da Unidade de Toxicologia Reprodutiva, Divis\u00e3o de Patologia da Faculdade de Medicina da Universidade de S\u00e3o Paulo e Docente do Doutorado em Urologia da Faculdade de Medicina da Universidade de S\u00e3o Paulo.<\/p>\n","protected":false},"excerpt":{"rendered":"<p>CONVITE &nbsp; O Programa de P\u00f3s-Gradua\u00e7\u00e3o em Ci\u00eancias da Sa\u00fade (PPGCS), da Universidade Federal do Amap\u00e1, convida os acad\u00eamicos do Mestrado em Ci\u00eancias da Sa\u00fade e os m\u00e9dicos residentes dos PRM&#8217;s da Unifap e do Hospital S\u00e3o Camilo para assistir palestra intitulada &#8220;Evolu\u00e7\u00e3o dos conceitos de \u00e9tica em pesquisa e \u2026 <a class=\"continue-reading-link\" href=\"https:\/\/www2.unifap.br\/ppcs\/2015\/05\/29\/convite-palestra-evolucao-dos-conceitos-de-etica-em-pesquisa-e-da-boa-pratica-clinica\/\"> Continue Lendo <span class=\"meta-nav\">&rarr; <\/span><\/a><\/p>\n","protected":false},"author":735,"featured_media":0,"comment_status":"closed","ping_status":"open","sticky":false,"template":"","format":"standard","meta":{"inline_featured_image":false,"ngg_post_thumbnail":0,"footnotes":""},"categories":[1],"tags":[],"class_list":["post-761","post","type-post","status-publish","format-standard","hentry","category-sem-categoria"],"_links":{"self":[{"href":"https:\/\/www2.unifap.br\/ppcs\/wp-json\/wp\/v2\/posts\/761","targetHints":{"allow":["GET"]}}],"collection":[{"href":"https:\/\/www2.unifap.br\/ppcs\/wp-json\/wp\/v2\/posts"}],"about":[{"href":"https:\/\/www2.unifap.br\/ppcs\/wp-json\/wp\/v2\/types\/post"}],"author":[{"embeddable":true,"href":"https:\/\/www2.unifap.br\/ppcs\/wp-json\/wp\/v2\/users\/735"}],"replies":[{"embeddable":true,"href":"https:\/\/www2.unifap.br\/ppcs\/wp-json\/wp\/v2\/comments?post=761"}],"version-history":[{"count":2,"href":"https:\/\/www2.unifap.br\/ppcs\/wp-json\/wp\/v2\/posts\/761\/revisions"}],"predecessor-version":[{"id":763,"href":"https:\/\/www2.unifap.br\/ppcs\/wp-json\/wp\/v2\/posts\/761\/revisions\/763"}],"wp:attachment":[{"href":"https:\/\/www2.unifap.br\/ppcs\/wp-json\/wp\/v2\/media?parent=761"}],"wp:term":[{"taxonomy":"category","embeddable":true,"href":"https:\/\/www2.unifap.br\/ppcs\/wp-json\/wp\/v2\/categories?post=761"},{"taxonomy":"post_tag","embeddable":true,"href":"https:\/\/www2.unifap.br\/ppcs\/wp-json\/wp\/v2\/tags?post=761"}],"curies":[{"name":"wp","href":"https:\/\/api.w.org\/{rel}","templated":true}]}}