{"id":764,"date":"2015-06-08T14:34:52","date_gmt":"2015-06-08T14:34:52","guid":{"rendered":"http:\/\/www2.unifap.br\/ppcs\/?p=764"},"modified":"2023-03-08T17:12:46","modified_gmt":"2023-03-08T20:12:46","slug":"convite-defesas-de-dissertacoes","status":"publish","type":"post","link":"https:\/\/www2.unifap.br\/ppcs\/2015\/06\/08\/convite-defesas-de-dissertacoes\/","title":{"rendered":"CONVITE: Defesas de disserta\u00e7\u00f5es"},"content":{"rendered":"<p>CONVITE<\/p>\n<p>A Coordena\u00e7\u00e3o do Programa de P\u00f3s-Gradua\u00e7\u00e3o em Ci\u00eancias da Sa\u00fade, da Universidade Federal do Amap\u00e1, sente-se honrada em convidar Vossa Senhoria para assistir \u00e0s sess\u00f5es p\u00fablicas das defesas de disserta\u00e7\u00e3o que ser\u00e3o realizadas conforme abaixo:<\/p>\n<p><b>\u00a0<\/b><\/p>\n<p><b>Data:<\/b> 11.06.2015, quinta-feira<\/p>\n<p><b>Hora<\/b>: 08h30min<\/p>\n<p><b>Local:<\/b> UNIFAP, audit\u00f3rio do Centro de Estudos da Amaz\u00f4nia<\/p>\n<p><b>Mestrando (a):<\/b><b> <\/b>Thiago Afonso Carvalho Celestino Teixeira<\/p>\n<p><b>Orientador (a):<\/b> Dra. Maira Tiyomi Sacata Tongu Nazima<\/p>\n<p><b>Titulo:<\/b> : <b>\u201cQUALIDADE DE VIDA SEXUAL DA POPULA\u00c7\u00c3O MASCULINA ENTRE 18-69 ANOS EM MACAP\u00c1-AMAP\u00c1\u201d.<\/b><\/p>\n<p><b>\u00a0<\/b><\/p>\n<p><b>\u00a0<\/b><\/p>\n<p><b>\u00a0<\/b><\/p>\n<p><b>Data:<\/b> 16.06.2015, ter\u00e7a-feira<\/p>\n<p><b>Hora<\/b>: 08h30min<\/p>\n<p><b>Local:<\/b> UNIFAP,\u00a0 Bloco da p\u00f3s-gradua\u00e7\u00e3o, sala 3<\/p>\n<p><b>Mestrando (a):<\/b><b> <\/b>Fabio Augusto Silva Vila Nova<\/p>\n<p><b>Orientador (a):<\/b> Dr. Demilto Yamaguchi da Pureza<\/p>\n<p><b>Titulo:<\/b> : <b>\u201cPERFIL DA PREMATURIDADE NO AMAP\u00c1 EM 2012: AN\u00c1LISE DE DADOS DO SINASC\u201d.<\/b><\/p>\n","protected":false},"excerpt":{"rendered":"<p>CONVITE A Coordena\u00e7\u00e3o do Programa de P\u00f3s-Gradua\u00e7\u00e3o em Ci\u00eancias da Sa\u00fade, da Universidade Federal do Amap\u00e1, sente-se honrada em convidar Vossa Senhoria para assistir \u00e0s sess\u00f5es p\u00fablicas das defesas de disserta\u00e7\u00e3o que ser\u00e3o realizadas conforme abaixo: \u00a0 Data: 11.06.2015, quinta-feira Hora: 08h30min Local: UNIFAP, audit\u00f3rio do Centro de Estudos da \u2026 <a class=\"continue-reading-link\" href=\"https:\/\/www2.unifap.br\/ppcs\/2015\/06\/08\/convite-defesas-de-dissertacoes\/\"> Continue Lendo <span class=\"meta-nav\">&rarr; <\/span><\/a><\/p>\n","protected":false},"author":735,"featured_media":0,"comment_status":"closed","ping_status":"open","sticky":false,"template":"","format":"standard","meta":{"inline_featured_image":false,"ngg_post_thumbnail":0,"footnotes":""},"categories":[1],"tags":[],"class_list":["post-764","post","type-post","status-publish","format-standard","hentry","category-sem-categoria"],"_links":{"self":[{"href":"https:\/\/www2.unifap.br\/ppcs\/wp-json\/wp\/v2\/posts\/764","targetHints":{"allow":["GET"]}}],"collection":[{"href":"https:\/\/www2.unifap.br\/ppcs\/wp-json\/wp\/v2\/posts"}],"about":[{"href":"https:\/\/www2.unifap.br\/ppcs\/wp-json\/wp\/v2\/types\/post"}],"author":[{"embeddable":true,"href":"https:\/\/www2.unifap.br\/ppcs\/wp-json\/wp\/v2\/users\/735"}],"replies":[{"embeddable":true,"href":"https:\/\/www2.unifap.br\/ppcs\/wp-json\/wp\/v2\/comments?post=764"}],"version-history":[{"count":2,"href":"https:\/\/www2.unifap.br\/ppcs\/wp-json\/wp\/v2\/posts\/764\/revisions"}],"predecessor-version":[{"id":766,"href":"https:\/\/www2.unifap.br\/ppcs\/wp-json\/wp\/v2\/posts\/764\/revisions\/766"}],"wp:attachment":[{"href":"https:\/\/www2.unifap.br\/ppcs\/wp-json\/wp\/v2\/media?parent=764"}],"wp:term":[{"taxonomy":"category","embeddable":true,"href":"https:\/\/www2.unifap.br\/ppcs\/wp-json\/wp\/v2\/categories?post=764"},{"taxonomy":"post_tag","embeddable":true,"href":"https:\/\/www2.unifap.br\/ppcs\/wp-json\/wp\/v2\/tags?post=764"}],"curies":[{"name":"wp","href":"https:\/\/api.w.org\/{rel}","templated":true}]}}