{"id":987,"date":"2017-08-09T11:25:46","date_gmt":"2017-08-09T11:25:46","guid":{"rendered":"http:\/\/www2.unifap.br\/ppcs\/?p=987"},"modified":"2023-03-08T17:12:46","modified_gmt":"2023-03-08T20:12:46","slug":"convite-de-defesa-de-dissertacao-raquel-souza-da-silva","status":"publish","type":"post","link":"https:\/\/www2.unifap.br\/ppcs\/2017\/08\/09\/convite-de-defesa-de-dissertacao-raquel-souza-da-silva\/","title":{"rendered":"Convite de Defesa de Disserta\u00e7\u00e3o &#8211; Raquel Souza da Silva"},"content":{"rendered":"<p>Convite<\/p>\n<div>A Coordena\u00e7\u00e3o do Programa de P\u00f3s-Gradua\u00e7\u00e3o em Ci\u00eancias da Sa\u00fade, da Universidade Federal do Amap\u00e1, sente-se honrada em convidar Vossa Senhoria para assistir \u00e0 sess\u00e3o p\u00fablica da defesa de disserta\u00e7\u00e3o que ser\u00e1 realizada no dia 09.08.17, quarta-feira, conforme abaixo:<\/div>\n<div><\/div>\n<div>Hora: 14h<\/div>\n<div><\/div>\n<div>Local: UNIFAP, Audit\u00f3rio do CEPA.<\/div>\n<div><\/div>\n<div>Mestrando (a): Raquel Souza da Silva<\/div>\n<div>Orientador (a): Dra. Anneli Mercedes Celis de C\u00e1rdenas<\/div>\n<div><\/div>\n<div>Titulo: \u201cQUALIDADE DE VIDA DE PESSOAS EM TERAPIA RENAL SUBSTITUTIVA HEMODIAL\u00cdTICA\u201d.<\/div>\n<div><\/div>\n<div><\/div>\n<div>\n<p align=\"right\"><b><i>Prof. Dr. Fernando Antonio de Medeiros<\/i><\/b><\/p>\n<p align=\"right\"><b><i>Coordenador do Programa<\/i><\/b><\/p>\n<p align=\"right\"><b><i>Portaria N\u00b0 336\/2015<\/i><\/b><\/p>\n<\/div>\n","protected":false},"excerpt":{"rendered":"<p>Convite A Coordena\u00e7\u00e3o do Programa de P\u00f3s-Gradua\u00e7\u00e3o em Ci\u00eancias da Sa\u00fade, da Universidade Federal do Amap\u00e1, sente-se honrada em convidar Vossa Senhoria para assistir \u00e0 sess\u00e3o p\u00fablica da defesa de disserta\u00e7\u00e3o que ser\u00e1 realizada no dia 09.08.17, quarta-feira, conforme abaixo: Hora: 14h Local: UNIFAP, Audit\u00f3rio do CEPA. Mestrando (a): Raquel \u2026 <a class=\"continue-reading-link\" href=\"https:\/\/www2.unifap.br\/ppcs\/2017\/08\/09\/convite-de-defesa-de-dissertacao-raquel-souza-da-silva\/\"> Continue Lendo <span class=\"meta-nav\">&rarr; <\/span><\/a><\/p>\n","protected":false},"author":308,"featured_media":0,"comment_status":"closed","ping_status":"open","sticky":false,"template":"","format":"standard","meta":{"inline_featured_image":false,"ngg_post_thumbnail":0,"footnotes":""},"categories":[1],"tags":[],"class_list":["post-987","post","type-post","status-publish","format-standard","hentry","category-sem-categoria"],"_links":{"self":[{"href":"https:\/\/www2.unifap.br\/ppcs\/wp-json\/wp\/v2\/posts\/987","targetHints":{"allow":["GET"]}}],"collection":[{"href":"https:\/\/www2.unifap.br\/ppcs\/wp-json\/wp\/v2\/posts"}],"about":[{"href":"https:\/\/www2.unifap.br\/ppcs\/wp-json\/wp\/v2\/types\/post"}],"author":[{"embeddable":true,"href":"https:\/\/www2.unifap.br\/ppcs\/wp-json\/wp\/v2\/users\/308"}],"replies":[{"embeddable":true,"href":"https:\/\/www2.unifap.br\/ppcs\/wp-json\/wp\/v2\/comments?post=987"}],"version-history":[{"count":1,"href":"https:\/\/www2.unifap.br\/ppcs\/wp-json\/wp\/v2\/posts\/987\/revisions"}],"predecessor-version":[{"id":988,"href":"https:\/\/www2.unifap.br\/ppcs\/wp-json\/wp\/v2\/posts\/987\/revisions\/988"}],"wp:attachment":[{"href":"https:\/\/www2.unifap.br\/ppcs\/wp-json\/wp\/v2\/media?parent=987"}],"wp:term":[{"taxonomy":"category","embeddable":true,"href":"https:\/\/www2.unifap.br\/ppcs\/wp-json\/wp\/v2\/categories?post=987"},{"taxonomy":"post_tag","embeddable":true,"href":"https:\/\/www2.unifap.br\/ppcs\/wp-json\/wp\/v2\/tags?post=987"}],"curies":[{"name":"wp","href":"https:\/\/api.w.org\/{rel}","templated":true}]}}