{"id":1854,"date":"2017-05-11T21:02:08","date_gmt":"2017-05-11T21:02:08","guid":{"rendered":"http:\/\/www2.unifap.br\/ppgcf\/?p=1854"},"modified":"2017-05-11T21:02:08","modified_gmt":"2017-05-11T21:02:08","slug":"convite-para-aula-inaugural","status":"publish","type":"post","link":"https:\/\/www2.unifap.br\/ppgcf\/2017\/05\/11\/convite-para-aula-inaugural\/","title":{"rendered":"Convite para aula inaugural"},"content":{"rendered":"<p>A Coordena\u00e7\u00e3o do Curso de Mestrado do Programa de P\u00f3s-Gradua\u00e7\u00e3o em Ci\u00eancias Farmac\u00eauticas &#8211; PPGCF,\u00a0sente-se honrada em convidar todos os alunos ingressantes para a Aula Inaugural da Turma 2017.<\/p>\n<p>Data: 12 de Maio de 2017 (sexta-feira).<\/p>\n<p>Hor\u00e1rio: 15h00.<\/p>\n<p>Local:\u00a0Audit\u00f3rio do Centro de Estudos de Pesquisas Amaz\u00f4nicas &#8211; CEPA\/UNIFAP (atr\u00e1s do Bloco Amarelo da P\u00f3s-Gradua\u00e7\u00e3o).<\/p>\n","protected":false},"excerpt":{"rendered":"<p>A Coordena\u00e7\u00e3o do Curso de Mestrado do Programa de P\u00f3s-Gradua\u00e7\u00e3o em Ci\u00eancias Farmac\u00eauticas &#8211; PPGCF,\u00a0sente-se honrada em convidar todos os alunos ingressantes para a Aula Inaugural da Turma 2017. Data: 12 de Maio de 2017 (sexta-feira). Hor\u00e1rio: 15h00. Local:\u00a0Audit\u00f3rio do&hellip; <\/p>\n<p><a href=\"https:\/\/www2.unifap.br\/ppgcf\/2017\/05\/11\/convite-para-aula-inaugural\/\" class=\"readmore-button\">Continue Reading<\/a><\/p>\n","protected":false},"author":624,"featured_media":0,"comment_status":"open","ping_status":"open","sticky":false,"template":"","format":"standard","meta":{"inline_featured_image":false,"ngg_post_thumbnail":0,"footnotes":""},"categories":[11],"tags":[81,82,17,14],"class_list":["post-1854","post","type-post","status-publish","format-standard","hentry","category-divulgacao","tag-aula","tag-aula-inaugural","tag-mestrado","tag-ppgcf"],"_links":{"self":[{"href":"https:\/\/www2.unifap.br\/ppgcf\/wp-json\/wp\/v2\/posts\/1854","targetHints":{"allow":["GET"]}}],"collection":[{"href":"https:\/\/www2.unifap.br\/ppgcf\/wp-json\/wp\/v2\/posts"}],"about":[{"href":"https:\/\/www2.unifap.br\/ppgcf\/wp-json\/wp\/v2\/types\/post"}],"author":[{"embeddable":true,"href":"https:\/\/www2.unifap.br\/ppgcf\/wp-json\/wp\/v2\/users\/624"}],"replies":[{"embeddable":true,"href":"https:\/\/www2.unifap.br\/ppgcf\/wp-json\/wp\/v2\/comments?post=1854"}],"version-history":[{"count":1,"href":"https:\/\/www2.unifap.br\/ppgcf\/wp-json\/wp\/v2\/posts\/1854\/revisions"}],"predecessor-version":[{"id":1855,"href":"https:\/\/www2.unifap.br\/ppgcf\/wp-json\/wp\/v2\/posts\/1854\/revisions\/1855"}],"wp:attachment":[{"href":"https:\/\/www2.unifap.br\/ppgcf\/wp-json\/wp\/v2\/media?parent=1854"}],"wp:term":[{"taxonomy":"category","embeddable":true,"href":"https:\/\/www2.unifap.br\/ppgcf\/wp-json\/wp\/v2\/categories?post=1854"},{"taxonomy":"post_tag","embeddable":true,"href":"https:\/\/www2.unifap.br\/ppgcf\/wp-json\/wp\/v2\/tags?post=1854"}],"curies":[{"name":"wp","href":"https:\/\/api.w.org\/{rel}","templated":true}]}}